{"id":22583,"date":"2023-01-20T01:33:39","date_gmt":"2023-01-20T00:33:39","guid":{"rendered":"http:\/\/www.associationdemarie.org\/blog\/?p=22583"},"modified":"2023-01-06T08:36:25","modified_gmt":"2023-01-06T07:36:25","slug":"le-mystere-de-la-vocation","status":"publish","type":"post","link":"https:\/\/www.associationdemarie.org\/blog\/le-mystere-de-la-vocation\/","title":{"rendered":"Le myst\u00e8re de la vocation"},"content":{"rendered":"<p><img loading=\"lazy\" decoding=\"async\" class=\"aligncenter  wp-image-22584\" src=\"https:\/\/www.associationdemarie.org\/blog\/wp-content\/uploads\/2023\/01\/fleurs-de-bach-les-fleurs-du-bien.jpeg\" alt=\"\" width=\"473\" height=\"354\" srcset=\"https:\/\/www.associationdemarie.org\/blog\/wp-content\/uploads\/2023\/01\/fleurs-de-bach-les-fleurs-du-bien.jpeg 1200w, https:\/\/www.associationdemarie.org\/blog\/wp-content\/uploads\/2023\/01\/fleurs-de-bach-les-fleurs-du-bien-300x225.jpeg 300w, https:\/\/www.associationdemarie.org\/blog\/wp-content\/uploads\/2023\/01\/fleurs-de-bach-les-fleurs-du-bien-768x576.jpeg 768w, https:\/\/www.associationdemarie.org\/blog\/wp-content\/uploads\/2023\/01\/fleurs-de-bach-les-fleurs-du-bien-1024x768.jpeg 1024w\" sizes=\"auto, (max-width: 473px) 100vw, 473px\" \/><\/p>\n<p>Je ne vais faire qu&rsquo;une seule chose : commencer \u00e0 chanter ce que je dois redire \u00e9ternellement \u2014 \u00ab les mis\u00e9ricordes du Seigneur ! \u00bb (Ps 88,1). (&#8230;) Ouvrant le Saint \u00c9vangile, mes yeux sont tomb\u00e9s sur ces mots : \u00ab J\u00e9sus \u00e9tant mont\u00e9 sur une montagne, il appela \u00e0 lui ceux qu&rsquo;il lui plut ; et ils vinrent \u00e0 lui \u00bb. Voil\u00e0 bien le myst\u00e8re de ma vocation, de ma vie tout enti\u00e8re et surtout le myst\u00e8re des privil\u00e8ges de J\u00e9sus sur mon \u00e2me. Il n&rsquo;appelle pas ceux qui en sont dignes, mais ceux qu&rsquo;il lui pla\u00eet, ou comme le dit saint Paul : \u00ab Dieu a piti\u00e9 de qui il veut et il fait mis\u00e9ricorde \u00e0 qui il veut faire mis\u00e9ricorde. Ce n&rsquo;est donc pas l&rsquo;ouvrage de celui qui veut ni de celui qui court, mais de Dieu qui fait mis\u00e9ricorde \u00bb (Rm 9,15-16).<\/p>\n<p>Longtemps je me suis demand\u00e9 pourquoi le bon Dieu avait des pr\u00e9f\u00e9rences, pourquoi toutes les \u00e2mes ne recevaient pas un \u00e9gal degr\u00e9 de gr\u00e2ces, je m&rsquo;\u00e9tonnais en le voyant prodiguer des faveurs extraordinaires aux saints qui l&rsquo;avaient offens\u00e9, comme saint Paul, saint Augustin, et qu&rsquo;il for\u00e7ait pour ainsi dire \u00e0 recevoir ses gr\u00e2ces, ou bien en lisant la vie de saints que Notre Seigneur s&rsquo;est plu \u00e0 caresser du berceau \u00e0 la tombe, sans laisser sur leur passage aucun obstacle qui les emp\u00each\u00e2t de s&rsquo;\u00e9lever vers lui&#8230; J\u00e9sus a daign\u00e9 m&rsquo;instruire de ce myst\u00e8re. Il a mis devant mes yeux le livre de la nature et j&rsquo;ai compris que toutes les fleurs qu&rsquo;il a cr\u00e9\u00e9es sont belles&#8230; Il a voulu cr\u00e9er les grands saints qui peuvent \u00eatre compar\u00e9s aux lys et aux roses ; mais il en a cr\u00e9\u00e9 aussi de plus petits et ceux-ci doivent se contenter d&rsquo;\u00eatre des p\u00e2querettes ou des violettes destin\u00e9es \u00e0 r\u00e9jouir les regards du bon Dieu lorsqu&rsquo;il les abaisse \u00e0 ses pieds. La perfection consiste \u00e0 faire sa volont\u00e9, \u00e0 \u00eatre ce qu&rsquo;il veut que nous soyons.<\/p>\n<h3 class=\"GospelCommentaryAuthor-name commentary-author font-2\">Sainte Th\u00e9r\u00e8se de l&rsquo;Enfant J\u00e9sus (1873-1897)<\/h3>\n<p>&nbsp;<\/p>\n<p>&nbsp;<\/p>\n<p>&nbsp;<\/p>\n<p>&nbsp;<\/p>\n","protected":false},"excerpt":{"rendered":"<p>Je ne vais faire qu&rsquo;une seule chose : commencer \u00e0 chanter ce que je dois redire \u00e9ternellement \u2014 \u00ab les mis\u00e9ricordes du Seigneur ! \u00bb (Ps 88,1). (&#8230;) Ouvrant le Saint \u00c9vangile, mes yeux sont tomb\u00e9s sur ces mots : \u00ab J\u00e9sus \u00e9tant mont\u00e9 sur une montagne, il appela \u00e0 lui ceux qu&rsquo;il lui plut [&hellip;]<\/p>\n","protected":false},"author":2,"featured_media":0,"comment_status":"closed","ping_status":"closed","sticky":false,"template":"","format":"standard","meta":{"footnotes":""},"categories":[13,1261,16,28],"tags":[269,424,517,1107,1199],"class_list":["post-22583","post","type-post","status-publish","format-standard","hentry","category-ecritures","category-enseignement-2","category-jardins-de-la-bible","category-saints-et-saintes","tag-creation","tag-fleurs","tag-jardin-de-la-bible","tag-ste-therese","tag-vocation"],"_links":{"self":[{"href":"https:\/\/www.associationdemarie.org\/blog\/wp-json\/wp\/v2\/posts\/22583","targetHints":{"allow":["GET"]}}],"collection":[{"href":"https:\/\/www.associationdemarie.org\/blog\/wp-json\/wp\/v2\/posts"}],"about":[{"href":"https:\/\/www.associationdemarie.org\/blog\/wp-json\/wp\/v2\/types\/post"}],"author":[{"embeddable":true,"href":"https:\/\/www.associationdemarie.org\/blog\/wp-json\/wp\/v2\/users\/2"}],"replies":[{"embeddable":true,"href":"https:\/\/www.associationdemarie.org\/blog\/wp-json\/wp\/v2\/comments?post=22583"}],"version-history":[{"count":2,"href":"https:\/\/www.associationdemarie.org\/blog\/wp-json\/wp\/v2\/posts\/22583\/revisions"}],"predecessor-version":[{"id":22586,"href":"https:\/\/www.associationdemarie.org\/blog\/wp-json\/wp\/v2\/posts\/22583\/revisions\/22586"}],"wp:attachment":[{"href":"https:\/\/www.associationdemarie.org\/blog\/wp-json\/wp\/v2\/media?parent=22583"}],"wp:term":[{"taxonomy":"category","embeddable":true,"href":"https:\/\/www.associationdemarie.org\/blog\/wp-json\/wp\/v2\/categories?post=22583"},{"taxonomy":"post_tag","embeddable":true,"href":"https:\/\/www.associationdemarie.org\/blog\/wp-json\/wp\/v2\/tags?post=22583"}],"curies":[{"name":"wp","href":"https:\/\/api.w.org\/{rel}","templated":true}]}}