{"id":22559,"date":"2023-01-14T01:35:03","date_gmt":"2023-01-14T00:35:03","guid":{"rendered":"http:\/\/www.associationdemarie.org\/blog\/?p=22559"},"modified":"2022-12-31T09:37:19","modified_gmt":"2022-12-31T08:37:19","slug":"dirige-nos-pas-sur-le-chemin-de-la-droiture","status":"publish","type":"post","link":"https:\/\/www.associationdemarie.org\/blog\/dirige-nos-pas-sur-le-chemin-de-la-droiture\/","title":{"rendered":"Dirige nos pas sur le chemin de la droiture !"},"content":{"rendered":"<p><img loading=\"lazy\" decoding=\"async\" class=\"aligncenter  wp-image-22560\" src=\"https:\/\/www.associationdemarie.org\/blog\/wp-content\/uploads\/2022\/12\/Unknown-1.jpeg\" alt=\"\" width=\"457\" height=\"262\" \/><\/p>\n<p>\u00d4 Feu de l\u2019Esprit Saint,<br \/>\nLou\u00e9 sois-tu, toi qui \u0153uvre au son des tambourins et des cithares.<br \/>\nLorsque tu enflammes l\u2019esprit des hommes,<br \/>\nLe tabernacle de leur \u00e2me s\u2019emplit de ta puissance.<br \/>\nAlors la volont\u00e9 s\u2019\u00e9l\u00e8ve et suscite l\u2019app\u00e9tit de l\u2019\u00e2me<br \/>\nEt le d\u00e9sir de Dieu devient son guide.<br \/>\nL\u2019intelligence t\u2019invoque par de doux chants<br \/>\nEt te b\u00e2tit des temples de sagesse<br \/>\nQui s\u2019exhalent en \u0153uvre d\u2019or.<\/p>\n<p>Tu portes toujours l\u2019\u00e9p\u00e9e qui tranche<br \/>\nCe que le fruit du p\u00e9ch\u00e9 marque de son crime.<br \/>\nQuand la volont\u00e9 et les d\u00e9sirs se perdent dans le brouillard,<br \/>\nEt que l\u2019\u00e2me vole et tournoie de tous c\u00f4t\u00e9s,<br \/>\nL\u2019Esprit demeure le lien de la volont\u00e9 et du d\u00e9sir.<\/p>\n<p>Quand l\u2019\u00e2me elle-m\u00eame se dresse pour chercher \u00e0 voir la pupille du mal<br \/>\nEt atteindre la gueule de la d\u00e9bauche, tu l\u2019\u00e9prouves par le feu,<br \/>\nCar telle est ta volont\u00e9.<br \/>\nQuand la raison se laisse glisser sur la pente du mal,<br \/>\nTu la serres et la resserres, et tu la fais revenir par toutes sortes d\u2019\u00e9preuves,<br \/>\nCar telle est ta volont\u00e9.<br \/>\nEt si le mal ose lever contre soi son \u00e9p\u00e9e,<br \/>\nTu la lui retournes en plein c\u0153ur,<br \/>\nComme tu l\u2019as fait au premier Ange d\u00e9chu,<br \/>\nDont tu jetas la tour d\u2019orgueil au fond de l\u2019enfer.<br \/>\nMais tu as \u00e9lev\u00e9 ici une autre tour pour les publicains et les p\u00e9cheurs<br \/>\nQui te confessent leurs p\u00e9ch\u00e9s et leurs \u0153uvres.<\/p>\n<p>Toute cr\u00e9ature te loue, vie de toute chose,<br \/>\nBaume tr\u00e8s pr\u00e9cieux qui transfigures nos blessures b\u00e9antes et souill\u00e9es<br \/>\nEn pierre pr\u00e9cieuses !<br \/>\nDaigne maintenant nous rassembler tous ensemble en Toi,<br \/>\nEt diriger nos pas sur le chemin de la droiture. Amen.<\/p>\n<h3 class=\"GospelCommentaryAuthor-name commentary-author font-2\">Sainte Hildegarde de Bingen (1098-1179)<\/h3>\n<p>&nbsp;<\/p>\n<p>&nbsp;<\/p>\n<p>&nbsp;<\/p>\n","protected":false},"excerpt":{"rendered":"<p>\u00d4 Feu de l\u2019Esprit Saint, Lou\u00e9 sois-tu, toi qui \u0153uvre au son des tambourins et des cithares. Lorsque tu enflammes l\u2019esprit des hommes, Le tabernacle de leur \u00e2me s\u2019emplit de ta puissance. Alors la volont\u00e9 s\u2019\u00e9l\u00e8ve et suscite l\u2019app\u00e9tit de l\u2019\u00e2me Et le d\u00e9sir de Dieu devient son guide. L\u2019intelligence t\u2019invoque par de doux chants [&hellip;]<\/p>\n","protected":false},"author":2,"featured_media":0,"comment_status":"closed","ping_status":"closed","sticky":false,"template":"","format":"standard","meta":{"footnotes":""},"categories":[26,27],"tags":[378,830,1287],"class_list":["post-22559","post","type-post","status-publish","format-standard","hentry","category-priere-des-ames","category-prieres","tag-esprit-saint","tag-priere","tag-ste-hildegarde-de-bingen"],"_links":{"self":[{"href":"https:\/\/www.associationdemarie.org\/blog\/wp-json\/wp\/v2\/posts\/22559","targetHints":{"allow":["GET"]}}],"collection":[{"href":"https:\/\/www.associationdemarie.org\/blog\/wp-json\/wp\/v2\/posts"}],"about":[{"href":"https:\/\/www.associationdemarie.org\/blog\/wp-json\/wp\/v2\/types\/post"}],"author":[{"embeddable":true,"href":"https:\/\/www.associationdemarie.org\/blog\/wp-json\/wp\/v2\/users\/2"}],"replies":[{"embeddable":true,"href":"https:\/\/www.associationdemarie.org\/blog\/wp-json\/wp\/v2\/comments?post=22559"}],"version-history":[{"count":2,"href":"https:\/\/www.associationdemarie.org\/blog\/wp-json\/wp\/v2\/posts\/22559\/revisions"}],"predecessor-version":[{"id":22562,"href":"https:\/\/www.associationdemarie.org\/blog\/wp-json\/wp\/v2\/posts\/22559\/revisions\/22562"}],"wp:attachment":[{"href":"https:\/\/www.associationdemarie.org\/blog\/wp-json\/wp\/v2\/media?parent=22559"}],"wp:term":[{"taxonomy":"category","embeddable":true,"href":"https:\/\/www.associationdemarie.org\/blog\/wp-json\/wp\/v2\/categories?post=22559"},{"taxonomy":"post_tag","embeddable":true,"href":"https:\/\/www.associationdemarie.org\/blog\/wp-json\/wp\/v2\/tags?post=22559"}],"curies":[{"name":"wp","href":"https:\/\/api.w.org\/{rel}","templated":true}]}}