{"id":22553,"date":"2023-01-12T01:16:24","date_gmt":"2023-01-12T00:16:24","guid":{"rendered":"http:\/\/www.associationdemarie.org\/blog\/?p=22553"},"modified":"2022-12-29T08:18:36","modified_gmt":"2022-12-29T07:18:36","slug":"tu-peux-me-purifier-2","status":"publish","type":"post","link":"https:\/\/www.associationdemarie.org\/blog\/tu-peux-me-purifier-2\/","title":{"rendered":"\u00ab Tu peux me purifier. \u00bb"},"content":{"rendered":"<p><img loading=\"lazy\" decoding=\"async\" class=\"aligncenter  wp-image-22554\" src=\"https:\/\/www.associationdemarie.org\/blog\/wp-content\/uploads\/2022\/12\/mc_1_40-45_guerison_lepreux-e1613228588287.jpg\" alt=\"\" width=\"473\" height=\"315\" srcset=\"https:\/\/www.associationdemarie.org\/blog\/wp-content\/uploads\/2022\/12\/mc_1_40-45_guerison_lepreux-e1613228588287.jpg 600w, https:\/\/www.associationdemarie.org\/blog\/wp-content\/uploads\/2022\/12\/mc_1_40-45_guerison_lepreux-e1613228588287-300x200.jpg 300w\" sizes=\"auto, (max-width: 473px) 100vw, 473px\" \/><\/p>\n<p>Tu ne dois pas manquer de confiance en Dieu ni d\u00e9sesp\u00e9rer de sa mis\u00e9ricorde ; je ne veux pas que tu doutes ou que tu d\u00e9sesp\u00e8res de pouvoir devenir meilleur. Car, m\u00eame si le d\u00e9mon a pu te pr\u00e9cipiter des hauteurs de la vertu dans les ab\u00eemes du mal, combien plus Dieu pourra-t-il te rappeler vers le sommet du bien, et non seulement te ramener dans l&rsquo;\u00e9tat o\u00f9 tu \u00e9tais avant ta chute, mais te rendre beaucoup plus heureux que tu paraissais auparavant. Ne perds pas courage, je t&rsquo;en supplie, et ne ferme pas tes yeux \u00e0 l&rsquo;espoir du bien, de peur qu&rsquo;il ne t&rsquo;advienne ce qui arrive \u00e0 ceux qui n&rsquo;aiment pas Dieu ; car ce n&rsquo;est pas le grand nombre des p\u00e9ch\u00e9s qui m\u00e8ne l&rsquo;\u00e2me au d\u00e9sespoir, mais le d\u00e9dain de Dieu. \u00ab C&rsquo;est le propre des impies, dit le Sage, de d\u00e9sesp\u00e9rer du salut et de le d\u00e9daigner, lorsqu&rsquo;ils sont tomb\u00e9s au fond de l&rsquo;ab\u00eeme du p\u00e9ch\u00e9 \u00bb (Pr 18,3 Vulg).<\/p>\n<p>Toute pens\u00e9e qui nous enl\u00e8ve l&rsquo;espoir de la conversion d\u00e9coule donc d&rsquo;un manque de foi : comme une lourde pierre attach\u00e9e \u00e0 notre cou, elle nous force \u00e0 regarder toujours en bas, vers la terre, et ne nous permet pas de lever les yeux vers le Seigneur. Mais celui qui a un c\u0153ur courageux et un esprit \u00e9clair\u00e9 sait d\u00e9gager son cou de ce poids d\u00e9testable. \u00ab Comme les yeux des serviteurs vers les mains de leurs ma\u00eetres, comme les yeux d&rsquo;une servante vers les mains de sa ma\u00eetresse, ainsi nos yeux vers le Seigneur notre Dieu jusqu&rsquo;\u00e0 ce qu&rsquo;il nous prenne en piti\u00e9 \u00bb (Ps 123,2-3).<\/p>\n<h3 class=\"GospelCommentaryAuthor-name commentary-author font-2\">Raban Maur (v. 784-856)<\/h3>\n<p>&nbsp;<\/p>\n<p>&nbsp;<\/p>\n<p>&nbsp;<\/p>\n","protected":false},"excerpt":{"rendered":"<p>Tu ne dois pas manquer de confiance en Dieu ni d\u00e9sesp\u00e9rer de sa mis\u00e9ricorde ; je ne veux pas que tu doutes ou que tu d\u00e9sesp\u00e8res de pouvoir devenir meilleur. Car, m\u00eame si le d\u00e9mon a pu te pr\u00e9cipiter des hauteurs de la vertu dans les ab\u00eemes du mal, combien plus Dieu pourra-t-il te rappeler [&hellip;]<\/p>\n","protected":false},"author":2,"featured_media":0,"comment_status":"closed","ping_status":"closed","sticky":false,"template":"","format":"standard","meta":{"footnotes":""},"categories":[13,1261],"tags":[252,425,856,1315],"class_list":["post-22553","post","type-post","status-publish","format-standard","hentry","category-ecritures","category-enseignement-2","tag-confiance","tag-foi","tag-purification","tag-raban-maur"],"_links":{"self":[{"href":"https:\/\/www.associationdemarie.org\/blog\/wp-json\/wp\/v2\/posts\/22553","targetHints":{"allow":["GET"]}}],"collection":[{"href":"https:\/\/www.associationdemarie.org\/blog\/wp-json\/wp\/v2\/posts"}],"about":[{"href":"https:\/\/www.associationdemarie.org\/blog\/wp-json\/wp\/v2\/types\/post"}],"author":[{"embeddable":true,"href":"https:\/\/www.associationdemarie.org\/blog\/wp-json\/wp\/v2\/users\/2"}],"replies":[{"embeddable":true,"href":"https:\/\/www.associationdemarie.org\/blog\/wp-json\/wp\/v2\/comments?post=22553"}],"version-history":[{"count":1,"href":"https:\/\/www.associationdemarie.org\/blog\/wp-json\/wp\/v2\/posts\/22553\/revisions"}],"predecessor-version":[{"id":22555,"href":"https:\/\/www.associationdemarie.org\/blog\/wp-json\/wp\/v2\/posts\/22553\/revisions\/22555"}],"wp:attachment":[{"href":"https:\/\/www.associationdemarie.org\/blog\/wp-json\/wp\/v2\/media?parent=22553"}],"wp:term":[{"taxonomy":"category","embeddable":true,"href":"https:\/\/www.associationdemarie.org\/blog\/wp-json\/wp\/v2\/categories?post=22553"},{"taxonomy":"post_tag","embeddable":true,"href":"https:\/\/www.associationdemarie.org\/blog\/wp-json\/wp\/v2\/tags?post=22553"}],"curies":[{"name":"wp","href":"https:\/\/api.w.org\/{rel}","templated":true}]}}