{"id":22549,"date":"2023-01-11T01:53:05","date_gmt":"2023-01-11T00:53:05","guid":{"rendered":"http:\/\/www.associationdemarie.org\/blog\/?p=22549"},"modified":"2022-12-28T08:55:29","modified_gmt":"2022-12-28T07:55:29","slug":"suivez-mes-exemples-en-veillant-dans-le-recueillement","status":"publish","type":"post","link":"https:\/\/www.associationdemarie.org\/blog\/suivez-mes-exemples-en-veillant-dans-le-recueillement\/","title":{"rendered":"Suivez mes exemples en veillant dans le recueillement !"},"content":{"rendered":"<p><img loading=\"lazy\" decoding=\"async\" class=\"aligncenter  wp-image-22550\" src=\"https:\/\/www.associationdemarie.org\/blog\/wp-content\/uploads\/2022\/12\/Capture-d\u2019\u00e9cran-2019-11-03-\u00e0-22.15.57.png\" alt=\"\" width=\"456\" height=\"305\" srcset=\"https:\/\/www.associationdemarie.org\/blog\/wp-content\/uploads\/2022\/12\/Capture-d\u2019\u00e9cran-2019-11-03-\u00e0-22.15.57.png 1102w, https:\/\/www.associationdemarie.org\/blog\/wp-content\/uploads\/2022\/12\/Capture-d\u2019\u00e9cran-2019-11-03-\u00e0-22.15.57-300x200.png 300w, https:\/\/www.associationdemarie.org\/blog\/wp-content\/uploads\/2022\/12\/Capture-d\u2019\u00e9cran-2019-11-03-\u00e0-22.15.57-768x513.png 768w, https:\/\/www.associationdemarie.org\/blog\/wp-content\/uploads\/2022\/12\/Capture-d\u2019\u00e9cran-2019-11-03-\u00e0-22.15.57-1024x684.png 1024w\" sizes=\"auto, (max-width: 456px) 100vw, 456px\" \/><\/p>\n<p>[Notre-Seigneur :] \u00ab C\u2019est ainsi que J\u2019ai pass\u00e9 devant vos yeux les trois ans de Ma vie publique, passant les jours tout entiers \u00e0 instruire et \u00e0 gu\u00e9rir, \u00e0 faire le bien, aux \u00e2mes d\u2019abord, aux corps ensuite. Et, le soir, que faisais-Je ? Le soir, Je me retirais loin de cette foule \u00e0 laquelle Je m\u2019\u00e9tais si pleinement consacr\u00e9 le jour, et, cherchant la solitude, Je m\u2019enfermais avec vous dans une maison hospitali\u00e8re, ou bien J\u2019allais dans la montagne, sur quelque sommet d\u00e9sert, et Je passais la nuit en pri\u00e8re\u2026, de toute mani\u00e8re, Je passais la nuit dans le recueillement, le silence, \u00e0 l\u2019\u00e9cart des foules, dans la veille et la pri\u00e8re\u2026 C\u2019est l\u2019exemple que Je vous laisse.<\/p>\n<p>C\u2019est pour vous que J\u2019ai agi ainsi : Moi qui suis assez fort, assez ma\u00eetre de Moi pour \u00eatre partout comme seul avec Mon P\u00e8re, puisque je Le vois sans cesse, Je suis toujours avec Lui, Je n\u2019ai besoin ni de solitude pour Me recueillir, ni de silence pour Le prier, ni de pri\u00e8res particuli\u00e8res pour M\u2019unir \u00e0 Lui. Au milieu des foules, en parlant, Je suis aussi uni \u00e0 Lui que dans plus profonde solitude. Je n\u2019ai pas besoin de m\u00e9diter pour Le connaitre ; car Je Le connais ; Je n\u2019ai pas besoin de Me fortifier par Sa contemplation, car Je suis divinement fort\u2026 Je n\u2019ai besoin ni de solitude, ni de veille, ni de silence, ni de pri\u00e8re, car, au-dedans de Moi, la pri\u00e8re est continuelle et parfaite\u2026 C\u2019est pour vous donner l\u2019exemple que J\u2019ai pass\u00e9 tant de nuits dans une veille solitaire, \u00e0 prier Mon P\u00e8re, sous le ciel \u00e9toil\u00e9 ou dans le secret d\u2019une chambre close\u2026<\/p>\n<p>Puisque Je fais tout pour vous tous, aimez-Moi donc et aimez-vous les uns les autres\u2026 Et suivez Mes exemples (\u2026) en veillant dans le recueillement et le silence, en priant, en contemplant, en vous ab\u00eemant en Dieu\u2026 \u00bb<\/p>\n<h3 class=\"GospelCommentaryAuthor-name commentary-author font-2\">Saint Charles de Foucauld (1858-1916)<\/h3>\n<p>&nbsp;<\/p>\n<p>&nbsp;<\/p>\n<p>&nbsp;<\/p>\n<p>&nbsp;<\/p>\n","protected":false},"excerpt":{"rendered":"<p>[Notre-Seigneur :] \u00ab C\u2019est ainsi que J\u2019ai pass\u00e9 devant vos yeux les trois ans de Ma vie publique, passant les jours tout entiers \u00e0 instruire et \u00e0 gu\u00e9rir, \u00e0 faire le bien, aux \u00e2mes d\u2019abord, aux corps ensuite. Et, le soir, que faisais-Je ? Le soir, Je me retirais loin de cette foule \u00e0 laquelle [&hellip;]<\/p>\n","protected":false},"author":2,"featured_media":0,"comment_status":"closed","ping_status":"closed","sticky":false,"template":"","format":"standard","meta":{"footnotes":""},"categories":[26],"tags":[154],"class_list":["post-22549","post","type-post","status-publish","format-standard","hentry","category-priere-des-ames","tag-bienheureux-charles-de-foucauld"],"_links":{"self":[{"href":"https:\/\/www.associationdemarie.org\/blog\/wp-json\/wp\/v2\/posts\/22549","targetHints":{"allow":["GET"]}}],"collection":[{"href":"https:\/\/www.associationdemarie.org\/blog\/wp-json\/wp\/v2\/posts"}],"about":[{"href":"https:\/\/www.associationdemarie.org\/blog\/wp-json\/wp\/v2\/types\/post"}],"author":[{"embeddable":true,"href":"https:\/\/www.associationdemarie.org\/blog\/wp-json\/wp\/v2\/users\/2"}],"replies":[{"embeddable":true,"href":"https:\/\/www.associationdemarie.org\/blog\/wp-json\/wp\/v2\/comments?post=22549"}],"version-history":[{"count":2,"href":"https:\/\/www.associationdemarie.org\/blog\/wp-json\/wp\/v2\/posts\/22549\/revisions"}],"predecessor-version":[{"id":22552,"href":"https:\/\/www.associationdemarie.org\/blog\/wp-json\/wp\/v2\/posts\/22549\/revisions\/22552"}],"wp:attachment":[{"href":"https:\/\/www.associationdemarie.org\/blog\/wp-json\/wp\/v2\/media?parent=22549"}],"wp:term":[{"taxonomy":"category","embeddable":true,"href":"https:\/\/www.associationdemarie.org\/blog\/wp-json\/wp\/v2\/categories?post=22549"},{"taxonomy":"post_tag","embeddable":true,"href":"https:\/\/www.associationdemarie.org\/blog\/wp-json\/wp\/v2\/tags?post=22549"}],"curies":[{"name":"wp","href":"https:\/\/api.w.org\/{rel}","templated":true}]}}