{"id":22531,"date":"2023-01-06T01:07:56","date_gmt":"2023-01-06T00:07:56","guid":{"rendered":"http:\/\/www.associationdemarie.org\/blog\/?p=22531"},"modified":"2022-12-23T08:10:19","modified_gmt":"2022-12-23T07:10:19","slug":"table-des-origines-de-jesus-christ-2","status":"publish","type":"post","link":"https:\/\/www.associationdemarie.org\/blog\/table-des-origines-de-jesus-christ-2\/","title":{"rendered":"\u00ab Table des origines de J\u00e9sus Christ \u00bb"},"content":{"rendered":"<p><img loading=\"lazy\" decoding=\"async\" class=\"aligncenter  wp-image-22532\" src=\"https:\/\/www.associationdemarie.org\/blog\/wp-content\/uploads\/2022\/12\/6-1-bible-archaeology-samaritans-mount-gerizim-passover.jpg\" alt=\"\" width=\"473\" height=\"316\" srcset=\"https:\/\/www.associationdemarie.org\/blog\/wp-content\/uploads\/2022\/12\/6-1-bible-archaeology-samaritans-mount-gerizim-passover.jpg 1900w, https:\/\/www.associationdemarie.org\/blog\/wp-content\/uploads\/2022\/12\/6-1-bible-archaeology-samaritans-mount-gerizim-passover-300x200.jpg 300w, https:\/\/www.associationdemarie.org\/blog\/wp-content\/uploads\/2022\/12\/6-1-bible-archaeology-samaritans-mount-gerizim-passover-768x513.jpg 768w, https:\/\/www.associationdemarie.org\/blog\/wp-content\/uploads\/2022\/12\/6-1-bible-archaeology-samaritans-mount-gerizim-passover-1024x683.jpg 1024w\" sizes=\"auto, (max-width: 473px) 100vw, 473px\" \/><\/p>\n<p>Il ne sert \u00e0 rien de dire que notre Seigneur, fils de la Vierge Marie, est vraiment homme, si on ne croit pas qu&rsquo;il l&rsquo;est de la mani\u00e8re que proclame l&rsquo;\u00c9vangile. Lorsque Matthieu nous parle de la \u00ab g\u00e9n\u00e9alogie de J\u00e9sus Christ, fils de David, fils d&rsquo;Abraham \u00bb, il dessine, \u00e0 partir de l&rsquo;origine de l&rsquo;humanit\u00e9, la lign\u00e9e des g\u00e9n\u00e9rations jusqu&rsquo;\u00e0 Joseph \u00e0 qui Marie \u00e9tait fianc\u00e9e. Luc, au contraire, remonte les degr\u00e9s successifs pour aboutir au commencement du genre humain, et il montre ainsi que le premier et le dernier Adam sont de la m\u00eame nature (3,23s).<\/p>\n<p>Il \u00e9tait possible, certes, \u00e0 la Toute-puissance du Fils de Dieu de se manifester pour l&rsquo;instruction et la justification des hommes de la m\u00eame mani\u00e8re qu&rsquo;il \u00e9tait apparu aux patriarches et aux proph\u00e8tes sous une forme charnelle ; par exemple, lorsqu&rsquo;il luttait avec Jacob (Gn 32,25) ou qu&rsquo;il engageait une conversation avec Abraham, acceptant le service de son hospitalit\u00e9 au point de prendre la nourriture qu&rsquo;il lui pr\u00e9sentait (Gn 18). Mais ces apparitions n&rsquo;\u00e9taient que des signes, des images de l&rsquo;homme dont elles annon\u00e7aient la r\u00e9alit\u00e9 puis\u00e9e aux racines de ces anc\u00eatres.<\/p>\n<p>Le myst\u00e8re de notre r\u00e9demption, dispos\u00e9 d\u00e8s avant le temps, depuis l&rsquo;\u00e9ternit\u00e9, aucune image ne pouvait l&rsquo;accomplir. L&rsquo;Esprit n&rsquo;\u00e9tait pas encore descendu en la Vierge, et la puissance du Tr\u00e8s-Haut ne l&rsquo;avait pas encore couverte de son ombre (Lc 1,35). La Sagesse ne s&rsquo;\u00e9tait pas encore construit une demeure pour que le Verbe s&rsquo;y incarne et que, la nature de Dieu et celle de l&rsquo;esclave s&rsquo;unissant en une seule personne, le Cr\u00e9ateur du temps naisse dans le temps, et celui par qui tout a \u00e9t\u00e9 fait soit engendr\u00e9 parmi toutes les cr\u00e9atures. Si l&rsquo;homme nouveau ne s&rsquo;\u00e9tait assimil\u00e9 \u00e0 la chair du p\u00e9ch\u00e9 et charg\u00e9 de notre vieillesse, s&rsquo;il n&rsquo;avait daign\u00e9, lui, consubstantiel au P\u00e8re, prendre substance de sa m\u00e8re et assumer notre nature \u2013 hormis le p\u00e9ch\u00e9 \u2013, l&rsquo;humanit\u00e9 serait maintenue prisonni\u00e8re \u00e0 la merci du d\u00e9mon, et nous ne pourrions jouir de la victoire triomphale du Christ, car elle aurait eu lieu en dehors de notre nature. C&rsquo;est donc de l&rsquo;admirable participation du Christ \u00e0 notre nature que jaillit sur nous la lumi\u00e8re du sacrement de la r\u00e9g\u00e9n\u00e9ration.<\/p>\n<h3 class=\"GospelCommentaryAuthor-name commentary-author font-2\">Saint L\u00e9on le Grand (?-v. 461)<\/h3>\n<p>&nbsp;<\/p>\n<p>&nbsp;<\/p>\n","protected":false},"excerpt":{"rendered":"<p>Il ne sert \u00e0 rien de dire que notre Seigneur, fils de la Vierge Marie, est vraiment homme, si on ne croit pas qu&rsquo;il l&rsquo;est de la mani\u00e8re que proclame l&rsquo;\u00c9vangile. Lorsque Matthieu nous parle de la \u00ab g\u00e9n\u00e9alogie de J\u00e9sus Christ, fils de David, fils d&rsquo;Abraham \u00bb, il dessine, \u00e0 partir de l&rsquo;origine de [&hellip;]<\/p>\n","protected":false},"author":2,"featured_media":0,"comment_status":"closed","ping_status":"closed","sticky":false,"template":"","format":"standard","meta":{"footnotes":""},"categories":[13,1261,28],"tags":[1639,536,1053],"class_list":["post-22531","post","type-post","status-publish","format-standard","hentry","category-ecritures","category-enseignement-2","category-saints-et-saintes","tag-genealogie","tag-jesus-christ","tag-st-leon-le-grand"],"_links":{"self":[{"href":"https:\/\/www.associationdemarie.org\/blog\/wp-json\/wp\/v2\/posts\/22531","targetHints":{"allow":["GET"]}}],"collection":[{"href":"https:\/\/www.associationdemarie.org\/blog\/wp-json\/wp\/v2\/posts"}],"about":[{"href":"https:\/\/www.associationdemarie.org\/blog\/wp-json\/wp\/v2\/types\/post"}],"author":[{"embeddable":true,"href":"https:\/\/www.associationdemarie.org\/blog\/wp-json\/wp\/v2\/users\/2"}],"replies":[{"embeddable":true,"href":"https:\/\/www.associationdemarie.org\/blog\/wp-json\/wp\/v2\/comments?post=22531"}],"version-history":[{"count":2,"href":"https:\/\/www.associationdemarie.org\/blog\/wp-json\/wp\/v2\/posts\/22531\/revisions"}],"predecessor-version":[{"id":22534,"href":"https:\/\/www.associationdemarie.org\/blog\/wp-json\/wp\/v2\/posts\/22531\/revisions\/22534"}],"wp:attachment":[{"href":"https:\/\/www.associationdemarie.org\/blog\/wp-json\/wp\/v2\/media?parent=22531"}],"wp:term":[{"taxonomy":"category","embeddable":true,"href":"https:\/\/www.associationdemarie.org\/blog\/wp-json\/wp\/v2\/categories?post=22531"},{"taxonomy":"post_tag","embeddable":true,"href":"https:\/\/www.associationdemarie.org\/blog\/wp-json\/wp\/v2\/tags?post=22531"}],"curies":[{"name":"wp","href":"https:\/\/api.w.org\/{rel}","templated":true}]}}