{"id":2247,"date":"2011-01-25T01:20:35","date_gmt":"2011-01-25T01:20:35","guid":{"rendered":"http:\/\/preprod.meltem-int.com\/marie\/blog\/?p=2247"},"modified":"2011-01-25T01:20:35","modified_gmt":"2011-01-25T01:20:35","slug":"fete-de-la-conversion-de-saint-paul","status":"publish","type":"post","link":"https:\/\/www.associationdemarie.org\/blog\/fete-de-la-conversion-de-saint-paul\/","title":{"rendered":"F\u00eate de la conversion de Saint Paul"},"content":{"rendered":"<p>Si le christianisme est devenu une grande religion universelle, c&rsquo;est aussi \u00e0 saint Paul qu&rsquo;il le doit.<\/p>\n<p>Le futur propagandiste de la foi chr\u00e9tienne est un citoyen romain d&rsquo;origine juive\u00a0et de langue grecque n\u00e9 \u00e0 Tarse, en Anatolie, vers l&rsquo;an 9. Son nom est Sa\u00fcl.<\/p>\n<p>Il fait de solides \u00e9tudes h\u00e9bra\u00efques puis, devenu rabbin, il enseigne les \u00c9critures juives \u00e0 J\u00e9rusalem.<\/p>\n<p>C&rsquo;est l&rsquo;\u00e9poque o\u00f9 les disciples de J\u00e9sus\u00a0commencent \u00e0 pr\u00eacher la doctrine chr\u00e9tienne. Sa\u00fcl prend violemment parti contre eux. Il approuve m\u00eame la condamnation du diacre \u00c9tienne et assiste \u00e0 son martyre.<\/p>\n<p>Il obtient du\u00a0<em>Sanh\u00e9drin<\/em>, le tribunal juif qui si\u00e8ge au Temple, la mission de pourchasser les chr\u00e9tiens de Syrie.<\/p>\n<p>Mais sur le chemin de Damas, il est terrass\u00e9 par une force surnaturelle. Une voix lui crie :\u00a0<em>\u00abSa\u00fcl, Sa\u00fcl, pourquoi me pers\u00e9cutes-tu ?\u00bb <\/em>L&rsquo;\u00e9v\u00e9nement se d\u00e9roule vers l&rsquo;an 42, soit quelques ann\u00e9es apr\u00e8s la crucifixion du Christ. L&rsquo;\u00c9glise a choisi de le comm\u00e9morer tous les 25 janvier.<\/p>\n<figure id=\"attachment_2248\" aria-describedby=\"caption-attachment-2248\" style=\"width: 300px\" class=\"wp-caption aligncenter\"><a href=\"https:\/\/www.associationdemarie.org\/blog\/wp-content\/uploads\/2011\/01\/La_conversion_de_Saint_Paul_Giordano_Nancy.jpg\"><img loading=\"lazy\" decoding=\"async\" class=\"size-medium wp-image-2248\" title=\"La_conversion_de_Saint_Paul_Giordano_Nancy\" src=\"https:\/\/www.associationdemarie.org\/blog\/wp-content\/uploads\/2011\/01\/La_conversion_de_Saint_Paul_Giordano_Nancy-300x194.jpg\" alt=\"\" width=\"300\" height=\"194\" srcset=\"https:\/\/www.associationdemarie.org\/blog\/wp-content\/uploads\/2011\/01\/La_conversion_de_Saint_Paul_Giordano_Nancy-300x194.jpg 300w, https:\/\/www.associationdemarie.org\/blog\/wp-content\/uploads\/2011\/01\/La_conversion_de_Saint_Paul_Giordano_Nancy-1024x664.jpg 1024w, https:\/\/www.associationdemarie.org\/blog\/wp-content\/uploads\/2011\/01\/La_conversion_de_Saint_Paul_Giordano_Nancy.jpg 1984w\" sizes=\"auto, (max-width: 300px) 100vw, 300px\" \/><\/a><figcaption id=\"caption-attachment-2248\" class=\"wp-caption-text\">La conversion de Paul sur le chemin de Damas en Syrie, par le peintre Luca Giordano<\/figcaption><\/figure>\n<p>Sa\u00fcl se convertit peu apr\u00e8s. Il prend le nom de\u00a0<em>Paul<\/em>, traduction latine de Sa\u00fcl, pour se faire mieux accepter dans le monde gr\u00e9co-romain, puis effectue au total trois grands voyages d&rsquo;\u00e9vang\u00e9lisation en Asie mineure, en Gr\u00e8ce et jusqu&rsquo;\u00e0 Rome, multipliant partout les conversions.<\/p>\n<p>En l&rsquo;an 48, se tient \u00e0 J\u00e9rusalem ce qu&rsquo;il est convenu d&rsquo;appeler le premier concile ou le\u00a0<em>concile des Ap\u00f4tres<\/em>. \u00c0 cette occasion, Paul plaide avec succ\u00e8s l&rsquo;abandon des rituels juifs comme la circoncision. Le message chr\u00e9tien s&rsquo;adresse \u00e0 tous les hommes et non pas seulement aux juifs, affirme-t-il.<\/p>\n<p>En butte \u00e0 l&rsquo;hostilit\u00e9 des juifs, il est arr\u00eat\u00e9. Mais il fait valoir sa qualit\u00e9 de citoyen romain et ce statut privil\u00e9gi\u00e9 lui vaut d&rsquo;\u00eatre jug\u00e9 \u00e0 Rome&#8230; et acquitt\u00e9. Il rencontre n\u00e9anmoins le martyre \u00e0 Rome apr\u00e8s quinze ans d&rsquo;apostolat. Il est d\u00e9capit\u00e9 et enseveli en un lieu o\u00f9 s&rsquo;\u00e9l\u00e8ve aujourd&rsquo;hui la superbe basilique de Saint-Paul-hors-les-murs.<\/p>\n<p>C&rsquo;est \u00e0 Paul que la religion chr\u00e9tienne doit sa s\u00e9paration d&rsquo;avec le juda\u00efsme et sa vocation \u00e0 l&rsquo;universalit\u00e9.<\/p>\n<p>Appel\u00e9 l&rsquo;<em>\u00abAp\u00f4tre des Gentils\u00bb<\/em>, c&rsquo;est \u00e0 dire des non-juifs, il est consid\u00e9r\u00e9 comme le deuxi\u00e8me fondateur du christianisme, apr\u00e8s le Christ lui-m\u00eame. Ses quatorze lettres ou\u00a0<em>\u00e9p\u00eetres<\/em> sont un \u00e9l\u00e9ment central du Nouveau Testament, aux c\u00f4t\u00e9s des Quatre \u00c9vangiles.<\/p>\n","protected":false},"excerpt":{"rendered":"<p>Si le christianisme est devenu une grande religion universelle, c&rsquo;est aussi \u00e0 saint Paul qu&rsquo;il le doit. Le futur propagandiste de la foi chr\u00e9tienne est un citoyen romain d&rsquo;origine juive\u00a0et de langue grecque n\u00e9 \u00e0 Tarse, en Anatolie, vers l&rsquo;an 9. Son nom est Sa\u00fcl. Il fait de solides \u00e9tudes h\u00e9bra\u00efques puis, devenu rabbin, il [&hellip;]<\/p>\n","protected":false},"author":2,"featured_media":0,"comment_status":"closed","ping_status":"closed","sticky":false,"template":"","format":"standard","meta":{"footnotes":""},"categories":[3,4,13,28],"tags":[261,280,407,963,1068],"class_list":["post-2247","post","type-post","status-publish","format-standard","hentry","category-liturgique","category-iconographie","category-ecritures","category-saints-et-saintes","tag-conversion","tag-damas","tag-fete","tag-saul","tag-st-paul"],"_links":{"self":[{"href":"https:\/\/www.associationdemarie.org\/blog\/wp-json\/wp\/v2\/posts\/2247","targetHints":{"allow":["GET"]}}],"collection":[{"href":"https:\/\/www.associationdemarie.org\/blog\/wp-json\/wp\/v2\/posts"}],"about":[{"href":"https:\/\/www.associationdemarie.org\/blog\/wp-json\/wp\/v2\/types\/post"}],"author":[{"embeddable":true,"href":"https:\/\/www.associationdemarie.org\/blog\/wp-json\/wp\/v2\/users\/2"}],"replies":[{"embeddable":true,"href":"https:\/\/www.associationdemarie.org\/blog\/wp-json\/wp\/v2\/comments?post=2247"}],"version-history":[{"count":0,"href":"https:\/\/www.associationdemarie.org\/blog\/wp-json\/wp\/v2\/posts\/2247\/revisions"}],"wp:attachment":[{"href":"https:\/\/www.associationdemarie.org\/blog\/wp-json\/wp\/v2\/media?parent=2247"}],"wp:term":[{"taxonomy":"category","embeddable":true,"href":"https:\/\/www.associationdemarie.org\/blog\/wp-json\/wp\/v2\/categories?post=2247"},{"taxonomy":"post_tag","embeddable":true,"href":"https:\/\/www.associationdemarie.org\/blog\/wp-json\/wp\/v2\/tags?post=2247"}],"curies":[{"name":"wp","href":"https:\/\/api.w.org\/{rel}","templated":true}]}}