{"id":22457,"date":"2022-12-16T01:16:02","date_gmt":"2022-12-16T00:16:02","guid":{"rendered":"http:\/\/www.associationdemarie.org\/blog\/?p=22457"},"modified":"2022-12-02T11:18:05","modified_gmt":"2022-12-02T10:18:05","slug":"jai-apprete-une-lampe-pour-mon-christ-ps-13117","status":"publish","type":"post","link":"https:\/\/www.associationdemarie.org\/blog\/jai-apprete-une-lampe-pour-mon-christ-ps-13117\/","title":{"rendered":"\u00ab J&rsquo;ai appr\u00eat\u00e9 une lampe pour mon Christ. \u00bb (Ps 131,17)"},"content":{"rendered":"<p><img loading=\"lazy\" decoding=\"async\" class=\"aligncenter  wp-image-22458\" src=\"https:\/\/www.associationdemarie.org\/blog\/wp-content\/uploads\/2022\/12\/16-12-Saint-Jean-Baptiste-Collection-Alderman-Fletcher-c.1813-16.jpg\" alt=\"\" width=\"468\" height=\"226\" srcset=\"https:\/\/www.associationdemarie.org\/blog\/wp-content\/uploads\/2022\/12\/16-12-Saint-Jean-Baptiste-Collection-Alderman-Fletcher-c.1813-16.jpg 745w, https:\/\/www.associationdemarie.org\/blog\/wp-content\/uploads\/2022\/12\/16-12-Saint-Jean-Baptiste-Collection-Alderman-Fletcher-c.1813-16-300x145.jpg 300w\" sizes=\"auto, (max-width: 468px) 100vw, 468px\" \/><\/p>\n<p>Alors que l&rsquo;univers entier \u00e9tait \u00e9cras\u00e9 par les t\u00e9n\u00e8bres du diable et que l&rsquo;obscurit\u00e9 du p\u00e9ch\u00e9 r\u00e9gnait sur le monde, un soleil nouveau, le Christ notre Seigneur, a bien voulu, \u00e0 ces derniers temps, \u00e0 la nuit d\u00e9j\u00e0 avanc\u00e9e, r\u00e9pandre les premiers rayons d&rsquo;un jour naissant. Avant que paraisse cette lumi\u00e8re, c&rsquo;est-\u00e0-dire avant que se manifeste \u00ab le soleil de justice \u00bb (Ml 3,20), Dieu avait d\u00e9j\u00e0 annonc\u00e9 par ses proph\u00e8tes, comme une aurore : \u00ab J&rsquo;envoyais mes proph\u00e8tes avant la lumi\u00e8re \u00bb (Jr 7,25 Vulg). Plus tard, le Christ a lui-m\u00eame jet\u00e9 ses rayons, c&rsquo;est-\u00e0-dire ses ap\u00f4tres, pour faire resplendir sa lumi\u00e8re et remplir l&rsquo;univers de sa v\u00e9rit\u00e9, afin que personne ne se perde dans les t\u00e9n\u00e8bres. (&#8230;)<\/p>\n<p>Nous les hommes, pour accomplir les t\u00e2ches indispensables avant que le soleil de ce monde ne se l\u00e8ve, nous anticipons sur la lumi\u00e8re avec une lampe. Or le soleil du Christ, lui aussi, a sa lampe qui a pr\u00e9c\u00e9d\u00e9 sa venue, comme dit le proph\u00e8te : \u00ab J&rsquo;ai appr\u00eat\u00e9 une lampe pour mon Christ \u00bb (Ps 131,17). Le Seigneur indique quelle est cette lampe, en disant au sujet de Jean Baptiste : \u00ab Celui-l\u00e0 est la lampe qui br\u00fble et qui luit \u00bb. Et Jean lui-m\u00eame dit, comme s&rsquo;il \u00e9tait la faible lueur d&rsquo;une lanterne que l&rsquo;on porte devant soi : \u00ab Mais vient celui qui est plus fort que moi, et je ne suis pas digne de d\u00e9lier la courroie de ses sandales ; lui vous baptisera dans l&rsquo;Esprit Saint et le feu \u00bb (Lc 3,16). En m\u00eame temps, comprenant que sa lumi\u00e8re devait \u00eatre \u00e9clips\u00e9e par les rayons du soleil, il a pr\u00e9dit : \u00ab Il faut qu&rsquo;il grandisse et que moi je diminue \u00bb (Jn 3,30). En effet, de m\u00eame que la lueur d&rsquo;une lanterne s&rsquo;\u00e9teint \u00e0 l&rsquo;arriv\u00e9e du soleil, de m\u00eame le bapt\u00eame de repentir proclam\u00e9 par Jean a perdu sa valeur \u00e0 l&rsquo;arriv\u00e9e de la gr\u00e2ce du Christ.<\/p>\n<h3 class=\"GospelCommentaryAuthor-name commentary-author font-2\">Saint Maxime de Turin (?-v. 420)<\/h3>\n<p>&nbsp;<\/p>\n<p>&nbsp;<\/p>\n","protected":false},"excerpt":{"rendered":"<p>Alors que l&rsquo;univers entier \u00e9tait \u00e9cras\u00e9 par les t\u00e9n\u00e8bres du diable et que l&rsquo;obscurit\u00e9 du p\u00e9ch\u00e9 r\u00e9gnait sur le monde, un soleil nouveau, le Christ notre Seigneur, a bien voulu, \u00e0 ces derniers temps, \u00e0 la nuit d\u00e9j\u00e0 avanc\u00e9e, r\u00e9pandre les premiers rayons d&rsquo;un jour naissant. Avant que paraisse cette lumi\u00e8re, c&rsquo;est-\u00e0-dire avant que se [&hellip;]<\/p>\n","protected":false},"author":2,"featured_media":0,"comment_status":"closed","ping_status":"closed","sticky":false,"template":"","format":"standard","meta":{"footnotes":""},"categories":[13,1261],"tags":[127,220,1042,1513],"class_list":["post-22457","post","type-post","status-publish","format-standard","hentry","category-ecritures","category-enseignement-2","tag-avent","tag-christ","tag-st-jean-baptiste","tag-st-maxime-de-turin"],"_links":{"self":[{"href":"https:\/\/www.associationdemarie.org\/blog\/wp-json\/wp\/v2\/posts\/22457","targetHints":{"allow":["GET"]}}],"collection":[{"href":"https:\/\/www.associationdemarie.org\/blog\/wp-json\/wp\/v2\/posts"}],"about":[{"href":"https:\/\/www.associationdemarie.org\/blog\/wp-json\/wp\/v2\/types\/post"}],"author":[{"embeddable":true,"href":"https:\/\/www.associationdemarie.org\/blog\/wp-json\/wp\/v2\/users\/2"}],"replies":[{"embeddable":true,"href":"https:\/\/www.associationdemarie.org\/blog\/wp-json\/wp\/v2\/comments?post=22457"}],"version-history":[{"count":1,"href":"https:\/\/www.associationdemarie.org\/blog\/wp-json\/wp\/v2\/posts\/22457\/revisions"}],"predecessor-version":[{"id":22459,"href":"https:\/\/www.associationdemarie.org\/blog\/wp-json\/wp\/v2\/posts\/22457\/revisions\/22459"}],"wp:attachment":[{"href":"https:\/\/www.associationdemarie.org\/blog\/wp-json\/wp\/v2\/media?parent=22457"}],"wp:term":[{"taxonomy":"category","embeddable":true,"href":"https:\/\/www.associationdemarie.org\/blog\/wp-json\/wp\/v2\/categories?post=22457"},{"taxonomy":"post_tag","embeddable":true,"href":"https:\/\/www.associationdemarie.org\/blog\/wp-json\/wp\/v2\/tags?post=22457"}],"curies":[{"name":"wp","href":"https:\/\/api.w.org\/{rel}","templated":true}]}}