{"id":22450,"date":"2022-12-14T01:55:20","date_gmt":"2022-12-14T00:55:20","guid":{"rendered":"http:\/\/www.associationdemarie.org\/blog\/?p=22450"},"modified":"2022-11-30T08:57:16","modified_gmt":"2022-11-30T07:57:16","slug":"heureux-celui-qui-ne-tombera-pas-a-cause-de-moi","status":"publish","type":"post","link":"https:\/\/www.associationdemarie.org\/blog\/heureux-celui-qui-ne-tombera-pas-a-cause-de-moi\/","title":{"rendered":"\u00ab Heureux celui qui ne tombera pas \u00e0 cause de moi. \u00bb"},"content":{"rendered":"<p><img loading=\"lazy\" decoding=\"async\" class=\"aligncenter  wp-image-22451\" src=\"https:\/\/www.associationdemarie.org\/blog\/wp-content\/uploads\/2022\/11\/14-12.jpg\" alt=\"\" width=\"475\" height=\"257\" srcset=\"https:\/\/www.associationdemarie.org\/blog\/wp-content\/uploads\/2022\/11\/14-12.jpg 1108w, https:\/\/www.associationdemarie.org\/blog\/wp-content\/uploads\/2022\/11\/14-12-300x162.jpg 300w, https:\/\/www.associationdemarie.org\/blog\/wp-content\/uploads\/2022\/11\/14-12-768x415.jpg 768w, https:\/\/www.associationdemarie.org\/blog\/wp-content\/uploads\/2022\/11\/14-12-1024x554.jpg 1024w\" sizes=\"auto, (max-width: 475px) 100vw, 475px\" \/><\/p>\n<p>En envoyant ses disciples \u00e0 J\u00e9sus, Jean s&rsquo;est pr\u00e9occup\u00e9 de leur ignorance, non de la sienne, car lui-m\u00eame a proclam\u00e9 que quelqu&rsquo;un viendrait pour la r\u00e9mission des p\u00e9ch\u00e9s. Mais pour leur faire savoir qu&rsquo;il n&rsquo;en avait pas proclam\u00e9 d&rsquo;autre que celui-l\u00e0, il a envoy\u00e9 ses disciples voir ses \u0153uvres, pour qu&rsquo;elles donnent de l&rsquo;autorit\u00e9 \u00e0 son annonce et qu&rsquo;aucun autre Christ ne soit attendu en dehors de celui auquel ses \u0153uvres auraient rendu t\u00e9moignage.<\/p>\n<p>Et comme le Seigneur s&rsquo;\u00e9tait r\u00e9v\u00e9l\u00e9 enti\u00e8rement par ses actions miraculeuses, donnant la vue aux aveugles, la marche aux boiteux, la gu\u00e9rison aux l\u00e9preux, l&rsquo;ou\u00efe aux sourds, la parole aux muets, la vie aux morts, l&rsquo;instruction aux pauvres, il a dit : \u00ab Heureux celui qui n&rsquo;a pas \u00e9t\u00e9 scandalis\u00e9 \u00e0 mon sujet \u00bb. Est-ce que de la part du Christ il y a d\u00e9j\u00e0 eu quelque acte qui ait pu scandaliser Jean ? Non assur\u00e9ment. Il demeurait en effet dans sa ligne propre d&rsquo;enseignement et d&rsquo;action. Mais il faut \u00e9tudier la port\u00e9e et le caract\u00e8re sp\u00e9cifique de ce que dit le Seigneur : que la Bonne Nouvelle est re\u00e7ue par les pauvres. Il s&rsquo;agit de ceux qui auront perdu leur vie, qui auront pris leur croix et le suivront (Lc 14,27), qui deviendront humbles de c\u0153ur et pour lesquels le Royaume des cieux est pr\u00e9par\u00e9 (Mt 11,29; 25,34). Parce que l&rsquo;ensemble de ces souffrances convergeait dans le Seigneur et que sa croix allait \u00eatre un scandale pour un tr\u00e8s grand nombre, il a d\u00e9clar\u00e9 heureux ceux dont la foi ne subirait aucune tentation du fait de sa croix, de sa mort, de sa s\u00e9pulture.<\/p>\n<h3 class=\"GospelCommentaryAuthor-name commentary-author font-2\">Saint Hilaire (v. 315-367)<\/h3>\n<p>&nbsp;<\/p>\n<p>&nbsp;<\/p>\n","protected":false},"excerpt":{"rendered":"<p>En envoyant ses disciples \u00e0 J\u00e9sus, Jean s&rsquo;est pr\u00e9occup\u00e9 de leur ignorance, non de la sienne, car lui-m\u00eame a proclam\u00e9 que quelqu&rsquo;un viendrait pour la r\u00e9mission des p\u00e9ch\u00e9s. Mais pour leur faire savoir qu&rsquo;il n&rsquo;en avait pas proclam\u00e9 d&rsquo;autre que celui-l\u00e0, il a envoy\u00e9 ses disciples voir ses \u0153uvres, pour qu&rsquo;elles donnent de l&rsquo;autorit\u00e9 \u00e0 [&hellip;]<\/p>\n","protected":false},"author":2,"featured_media":0,"comment_status":"closed","ping_status":"closed","sticky":false,"template":"","format":"standard","meta":{"footnotes":""},"categories":[13,1261],"tags":[127,1036],"class_list":["post-22450","post","type-post","status-publish","format-standard","hentry","category-ecritures","category-enseignement-2","tag-avent","tag-st-hilaire"],"_links":{"self":[{"href":"https:\/\/www.associationdemarie.org\/blog\/wp-json\/wp\/v2\/posts\/22450","targetHints":{"allow":["GET"]}}],"collection":[{"href":"https:\/\/www.associationdemarie.org\/blog\/wp-json\/wp\/v2\/posts"}],"about":[{"href":"https:\/\/www.associationdemarie.org\/blog\/wp-json\/wp\/v2\/types\/post"}],"author":[{"embeddable":true,"href":"https:\/\/www.associationdemarie.org\/blog\/wp-json\/wp\/v2\/users\/2"}],"replies":[{"embeddable":true,"href":"https:\/\/www.associationdemarie.org\/blog\/wp-json\/wp\/v2\/comments?post=22450"}],"version-history":[{"count":1,"href":"https:\/\/www.associationdemarie.org\/blog\/wp-json\/wp\/v2\/posts\/22450\/revisions"}],"predecessor-version":[{"id":22452,"href":"https:\/\/www.associationdemarie.org\/blog\/wp-json\/wp\/v2\/posts\/22450\/revisions\/22452"}],"wp:attachment":[{"href":"https:\/\/www.associationdemarie.org\/blog\/wp-json\/wp\/v2\/media?parent=22450"}],"wp:term":[{"taxonomy":"category","embeddable":true,"href":"https:\/\/www.associationdemarie.org\/blog\/wp-json\/wp\/v2\/categories?post=22450"},{"taxonomy":"post_tag","embeddable":true,"href":"https:\/\/www.associationdemarie.org\/blog\/wp-json\/wp\/v2\/tags?post=22450"}],"curies":[{"name":"wp","href":"https:\/\/api.w.org\/{rel}","templated":true}]}}