{"id":22402,"date":"2022-12-04T01:03:20","date_gmt":"2022-12-04T00:03:20","guid":{"rendered":"http:\/\/www.associationdemarie.org\/blog\/?p=22402"},"modified":"2022-11-13T10:05:44","modified_gmt":"2022-11-13T09:05:44","slug":"preparez-le-chemin-du-seigneur-aplanissez-sa-route-2","status":"publish","type":"post","link":"https:\/\/www.associationdemarie.org\/blog\/preparez-le-chemin-du-seigneur-aplanissez-sa-route-2\/","title":{"rendered":"\u00ab Pr\u00e9parez le chemin du Seigneur, aplanissez sa route ! \u00bb"},"content":{"rendered":"<p><img loading=\"lazy\" decoding=\"async\" class=\"aligncenter  wp-image-22403\" src=\"https:\/\/www.associationdemarie.org\/blog\/wp-content\/uploads\/2022\/11\/4-12-jean-baptiste-pre-curseur.jpg\" alt=\"\" width=\"478\" height=\"354\" srcset=\"https:\/\/www.associationdemarie.org\/blog\/wp-content\/uploads\/2022\/11\/4-12-jean-baptiste-pre-curseur.jpg 398w, https:\/\/www.associationdemarie.org\/blog\/wp-content\/uploads\/2022\/11\/4-12-jean-baptiste-pre-curseur-300x222.jpg 300w\" sizes=\"auto, (max-width: 478px) 100vw, 478px\" \/><\/p>\n<p>Pour tout lecteur il est \u00e9vident que Jean non seulement a pr\u00each\u00e9, mais a conf\u00e9r\u00e9 un bapt\u00eame de p\u00e9nitence. Cependant il n&rsquo;a pas pu donner un bapt\u00eame qui remet les p\u00e9ch\u00e9s, car la r\u00e9mission des p\u00e9ch\u00e9s nous est accord\u00e9e seulement dans le bapt\u00eame du Christ. C&rsquo;est pourquoi l&rsquo;\u00e9vang\u00e9liste dit qu&rsquo;il \u00ab pr\u00eachait un bapt\u00eame de p\u00e9nitence en vue de la r\u00e9mission des p\u00e9ch\u00e9s \u00bb (Lc 3,3) ; ne pouvant pas donner lui-m\u00eame le bapt\u00eame qui pardonnerait les p\u00e9ch\u00e9s, il annon\u00e7ait celui \u00e0 venir. De m\u00eame que la parole de sa pr\u00e9dication \u00e9tait l&rsquo;avant-coureur de la Parole du P\u00e8re faite chair, ainsi son bapt\u00eame (&#8230;) pr\u00e9c\u00e9dait celui du Seigneur, ombre de la v\u00e9rit\u00e9 (Col 2,17).<\/p>\n<p>Ce m\u00eame Jean, interrog\u00e9 sur ce qu&rsquo;il \u00e9tait, a r\u00e9pondu : \u00ab Moi, je suis la voix de celui qui crie dans le d\u00e9sert \u00bb (Jn 1,23 ; Is 40,3). Le proph\u00e8te Isa\u00efe l&rsquo;avait appel\u00e9 \u00ab voix \u00bb car il pr\u00e9c\u00e9dait la Parole. Ce qu&rsquo;il criait, la suite nous l&rsquo;apprend : \u00ab Pr\u00e9parez les chemins du Seigneur, rendez droits ses sentiers \u00bb. Celui qui pr\u00eache la foi droite et les bonnes \u0153uvres, que fait-il sinon pr\u00e9parer la route dans les c\u0153urs des auditeurs pour le Seigneur qui vient ? Ainsi la gr\u00e2ce toute-puissante pourra p\u00e9n\u00e9trer dans ces c\u0153urs, la lumi\u00e8re de la v\u00e9rit\u00e9 les illuminer. (&#8230;)<\/p>\n<p>Saint Luc ajoute : \u00ab Toute vall\u00e9e sera combl\u00e9e, toute montagne et toute colline seront abaiss\u00e9es \u00bb. Que d\u00e9signe ici les vall\u00e9es, sinon les humbles, et les monts et collines, sinon les orgueilleux ? \u00c0 la venue du R\u00e9dempteur (&#8230;), selon sa propre parole, \u00ab qui s&rsquo;\u00e9l\u00e8ve sera humili\u00e9 et qui s&rsquo;abaisse sera \u00e9lev\u00e9 \u00bb (Lc 14,11). (&#8230;) Par leur foi au m\u00e9diateur entre Dieu et les hommes, J\u00e9sus Christ fait homme (1 Tm 2,5), ceux qui croient en lui ont re\u00e7u la pl\u00e9nitude de la gr\u00e2ce, alors que ceux qui refusent de croire ont \u00e9t\u00e9 abaiss\u00e9s dans leur orgueil. Toute vall\u00e9e sera combl\u00e9e car les c\u0153urs humbles, accueillant la parole de la sainte doctrine, seront remplis de la gr\u00e2ce des vertus, selon ce qui est \u00e9crit : \u00ab Il a fait jaillir des sources au creux des vall\u00e9es \u00bb (Ps 104,10).<\/p>\n<h3 class=\"GospelCommentaryAuthor-name commentary-author font-2\">Saint Gr\u00e9goire le Grand (v. 540-604)<\/h3>\n<p>&nbsp;<\/p>\n<p>&nbsp;<\/p>\n<p>&nbsp;<\/p>\n","protected":false},"excerpt":{"rendered":"<p>Pour tout lecteur il est \u00e9vident que Jean non seulement a pr\u00each\u00e9, mais a conf\u00e9r\u00e9 un bapt\u00eame de p\u00e9nitence. Cependant il n&rsquo;a pas pu donner un bapt\u00eame qui remet les p\u00e9ch\u00e9s, car la r\u00e9mission des p\u00e9ch\u00e9s nous est accord\u00e9e seulement dans le bapt\u00eame du Christ. C&rsquo;est pourquoi l&rsquo;\u00e9vang\u00e9liste dit qu&rsquo;il \u00ab pr\u00eachait un bapt\u00eame de [&hellip;]<\/p>\n","protected":false},"author":2,"featured_media":0,"comment_status":"closed","ping_status":"closed","sticky":false,"template":"","format":"standard","meta":{"footnotes":""},"categories":[13,1261],"tags":[127,131,1488,1042],"class_list":["post-22402","post","type-post","status-publish","format-standard","hentry","category-ecritures","category-enseignement-2","tag-avent","tag-bapteme","tag-st-gregoire-le-grand","tag-st-jean-baptiste"],"_links":{"self":[{"href":"https:\/\/www.associationdemarie.org\/blog\/wp-json\/wp\/v2\/posts\/22402","targetHints":{"allow":["GET"]}}],"collection":[{"href":"https:\/\/www.associationdemarie.org\/blog\/wp-json\/wp\/v2\/posts"}],"about":[{"href":"https:\/\/www.associationdemarie.org\/blog\/wp-json\/wp\/v2\/types\/post"}],"author":[{"embeddable":true,"href":"https:\/\/www.associationdemarie.org\/blog\/wp-json\/wp\/v2\/users\/2"}],"replies":[{"embeddable":true,"href":"https:\/\/www.associationdemarie.org\/blog\/wp-json\/wp\/v2\/comments?post=22402"}],"version-history":[{"count":2,"href":"https:\/\/www.associationdemarie.org\/blog\/wp-json\/wp\/v2\/posts\/22402\/revisions"}],"predecessor-version":[{"id":22405,"href":"https:\/\/www.associationdemarie.org\/blog\/wp-json\/wp\/v2\/posts\/22402\/revisions\/22405"}],"wp:attachment":[{"href":"https:\/\/www.associationdemarie.org\/blog\/wp-json\/wp\/v2\/media?parent=22402"}],"wp:term":[{"taxonomy":"category","embeddable":true,"href":"https:\/\/www.associationdemarie.org\/blog\/wp-json\/wp\/v2\/categories?post=22402"},{"taxonomy":"post_tag","embeddable":true,"href":"https:\/\/www.associationdemarie.org\/blog\/wp-json\/wp\/v2\/tags?post=22402"}],"curies":[{"name":"wp","href":"https:\/\/api.w.org\/{rel}","templated":true}]}}