{"id":22360,"date":"2022-11-22T01:11:50","date_gmt":"2022-11-22T00:11:50","guid":{"rendered":"http:\/\/www.associationdemarie.org\/blog\/?p=22360"},"modified":"2022-11-01T09:14:05","modified_gmt":"2022-11-01T08:14:05","slug":"de-grands-signes-dans-le-ciel-2","status":"publish","type":"post","link":"https:\/\/www.associationdemarie.org\/blog\/de-grands-signes-dans-le-ciel-2\/","title":{"rendered":"\u00ab De grands signes dans le ciel \u00bb"},"content":{"rendered":"<p><img loading=\"lazy\" decoding=\"async\" class=\"aligncenter  wp-image-22361\" src=\"https:\/\/www.associationdemarie.org\/blog\/wp-content\/uploads\/2022\/11\/22-11.jpeg\" alt=\"\" width=\"495\" height=\"317\" srcset=\"https:\/\/www.associationdemarie.org\/blog\/wp-content\/uploads\/2022\/11\/22-11.jpeg 768w, https:\/\/www.associationdemarie.org\/blog\/wp-content\/uploads\/2022\/11\/22-11-300x192.jpeg 300w\" sizes=\"auto, (max-width: 495px) 100vw, 495px\" \/><\/p>\n<p>Le Seigneur viendra des cieux sur les nu\u00e9es, lui qui est mont\u00e9 sur les nu\u00e9es (Ac 1,9). En effet c&rsquo;est lui qui a dit : \u00ab Et ils verront le Fils de l&rsquo;homme venant sur les nu\u00e9es du ciel avec puissance et grande gloire \u00bb (Mt 24,30). Mais quel sera le signe v\u00e9ritable de son av\u00e8nement, de crainte que les puissances ennemies n&rsquo;osent nous \u00e9garer en le simulant ? \u00ab Et alors, dit-il para\u00eetra, le signe du Fils de l&rsquo;homme dans le ciel \u00bb (Mt 24,30). Or le signe v\u00e9ridique et propre du Christ est la croix. Le signe d&rsquo;une croix lumineuse pr\u00e9c\u00e8de le roi, d\u00e9signant celui qui a d&rsquo;abord \u00e9t\u00e9 crucifi\u00e9, afin qu&rsquo;\u00e0 cette vue ceux qui l&rsquo;avaient d&rsquo;abord perc\u00e9 de clous et entour\u00e9 de pi\u00e8ges se frappent la poitrine (Za 12,10) en disant : \u00ab Voici celui qui a \u00e9t\u00e9 soufflet\u00e9, celui dont le visage a re\u00e7u les crachats, celui qu&rsquo;on avait li\u00e9 de cha\u00eenes, celui que jadis on avait humili\u00e9 sur la croix. \u00bb \u00ab O\u00f9 fuir le visage de ta col\u00e8re ? \u00bb, diront-ils (cf Ap 6,16). Et entour\u00e9s des arm\u00e9es des anges, ils ne trouveront nulle part un refuge.<\/p>\n<p>Pour les ennemis de la croix, la crainte sera le signe. Mais ce sera la joie pour ses amis qui auront cru en la croix ou l&rsquo;auront pr\u00each\u00e9e ou auront souffert pour elle. Qui donc aura alors le bonheur d&rsquo;\u00eatre trouv\u00e9 l&rsquo;ami du Christ ? Il ne d\u00e9daignera pas ses serviteurs, ce roi glorieux qu&rsquo;entoure la garde des anges et qui si\u00e8ge sur le m\u00eame tr\u00f4ne que le P\u00e8re (Ap 3,21). Car pour que les \u00e9lus ne soient pas confondus avec les ennemis, \u00ab il enverra ses anges avec la grande trompette, et des quatre vents ils rassembleront les \u00e9lus \u00bb (Mt 24,31). Il n&rsquo;a pas oubli\u00e9 Lot dans son isolement (Gn 19,15; Lc 17,28) ; comment oublierait-il la foule des justes ? \u00ab Venez les b\u00e9nis de mon P\u00e8re \u00bb (Mt 25,34), dira-t-il \u00e0 ceux qui seront transport\u00e9s sur les chars des nu\u00e9es et que les anges auront rassembl\u00e9s.<\/p>\n<h3 class=\"GospelCommentaryAuthor-name commentary-author font-2\">Saint Cyrille de J\u00e9rusalem (313-350)<\/h3>\n<p>&nbsp;<\/p>\n<p>&nbsp;<\/p>\n<p>&nbsp;<\/p>\n","protected":false},"excerpt":{"rendered":"<p>Le Seigneur viendra des cieux sur les nu\u00e9es, lui qui est mont\u00e9 sur les nu\u00e9es (Ac 1,9). En effet c&rsquo;est lui qui a dit : \u00ab Et ils verront le Fils de l&rsquo;homme venant sur les nu\u00e9es du ciel avec puissance et grande gloire \u00bb (Mt 24,30). Mais quel sera le signe v\u00e9ritable de son [&hellip;]<\/p>\n","protected":false},"author":2,"featured_media":0,"comment_status":"closed","ping_status":"closed","sticky":false,"template":"","format":"standard","meta":{"footnotes":""},"categories":[13,1261],"tags":[982,1499,1156],"class_list":["post-22360","post","type-post","status-publish","format-standard","hentry","category-ecritures","category-enseignement-2","tag-signes","tag-st-cyrille-de-jerusalem","tag-tribulations"],"_links":{"self":[{"href":"https:\/\/www.associationdemarie.org\/blog\/wp-json\/wp\/v2\/posts\/22360","targetHints":{"allow":["GET"]}}],"collection":[{"href":"https:\/\/www.associationdemarie.org\/blog\/wp-json\/wp\/v2\/posts"}],"about":[{"href":"https:\/\/www.associationdemarie.org\/blog\/wp-json\/wp\/v2\/types\/post"}],"author":[{"embeddable":true,"href":"https:\/\/www.associationdemarie.org\/blog\/wp-json\/wp\/v2\/users\/2"}],"replies":[{"embeddable":true,"href":"https:\/\/www.associationdemarie.org\/blog\/wp-json\/wp\/v2\/comments?post=22360"}],"version-history":[{"count":1,"href":"https:\/\/www.associationdemarie.org\/blog\/wp-json\/wp\/v2\/posts\/22360\/revisions"}],"predecessor-version":[{"id":22362,"href":"https:\/\/www.associationdemarie.org\/blog\/wp-json\/wp\/v2\/posts\/22360\/revisions\/22362"}],"wp:attachment":[{"href":"https:\/\/www.associationdemarie.org\/blog\/wp-json\/wp\/v2\/media?parent=22360"}],"wp:term":[{"taxonomy":"category","embeddable":true,"href":"https:\/\/www.associationdemarie.org\/blog\/wp-json\/wp\/v2\/categories?post=22360"},{"taxonomy":"post_tag","embeddable":true,"href":"https:\/\/www.associationdemarie.org\/blog\/wp-json\/wp\/v2\/tags?post=22360"}],"curies":[{"name":"wp","href":"https:\/\/api.w.org\/{rel}","templated":true}]}}