{"id":22348,"date":"2022-11-19T01:24:22","date_gmt":"2022-11-19T00:24:22","guid":{"rendered":"http:\/\/www.associationdemarie.org\/blog\/?p=22348"},"modified":"2022-10-29T08:26:37","modified_gmt":"2022-10-29T07:26:37","slug":"le-dieu-des-vivants-2","status":"publish","type":"post","link":"https:\/\/www.associationdemarie.org\/blog\/le-dieu-des-vivants-2\/","title":{"rendered":"Le Dieu des vivants"},"content":{"rendered":"<p><img loading=\"lazy\" decoding=\"async\" class=\"aligncenter  wp-image-22349\" src=\"https:\/\/www.associationdemarie.org\/blog\/wp-content\/uploads\/2022\/10\/19-11.jpg\" alt=\"\" width=\"457\" height=\"304\" srcset=\"https:\/\/www.associationdemarie.org\/blog\/wp-content\/uploads\/2022\/10\/19-11.jpg 1038w, https:\/\/www.associationdemarie.org\/blog\/wp-content\/uploads\/2022\/10\/19-11-300x200.jpg 300w, https:\/\/www.associationdemarie.org\/blog\/wp-content\/uploads\/2022\/10\/19-11-768x512.jpg 768w, https:\/\/www.associationdemarie.org\/blog\/wp-content\/uploads\/2022\/10\/19-11-1024x683.jpg 1024w\" sizes=\"auto, (max-width: 457px) 100vw, 457px\" \/><\/p>\n<p>Dans sa r\u00e9ponse aux sadduc\u00e9ens qui niaient la r\u00e9surrection et, \u00e0 cause de cela, m\u00e9prisaient Dieu et ridiculisaient la Loi, notre Seigneur et Ma\u00eetre a tout \u00e0 la fois prouv\u00e9 la r\u00e9surrection et fait conna\u00eetre Dieu. \u00ab Pour ce qui est de la r\u00e9surrection des morts, leur dit-il, n&rsquo;avez-vous donc pas lu cette parole dite par Dieu : Je suis le Dieu d&rsquo;Abraham, le Dieu d&rsquo;Isaac et le Dieu de Jacob ? \u00bb Et il ajoute : \u00ab Il n&rsquo;est pas le Dieu des morts mais des vivants, car tous sont vivants pour lui. \u00bb Par l\u00e0, il a fait conna\u00eetre clairement que celui qui a parl\u00e9 \u00e0 Mo\u00efse du sein du buisson et qui a d\u00e9clar\u00e9 \u00eatre le Dieu des p\u00e8res, c&rsquo;est lui le Dieu des vivants. Qui donc serait le Dieu des vivants sinon le vrai Dieu, au-dessus de qui il n&rsquo;y en a pas d&rsquo;autre ? C&rsquo;est lui que le proph\u00e8te Daniel avait annonc\u00e9, lorsqu&rsquo;il r\u00e9pondait \u00e0 Cyrus, roi des Perses (&#8230;) : \u00ab Je ne v\u00e9n\u00e8re pas des idoles faites de main d&rsquo;homme, mais le Dieu vivant qui a fait le ciel et la terre et qui a autorit\u00e9 sur toute chair. \u00bb Il disait encore : \u00ab J&rsquo;adorerai le Seigneur mon Dieu, parce que c&rsquo;est lui le Dieu vivant \u00bb (Dn 14,5.25).<\/p>\n<p>Le Dieu que les proph\u00e8tes adoraient, le Dieu vivant, c&rsquo;est lui le Dieu des vivants, ainsi que son Verbe, sa Parole, qui a parl\u00e9 \u00e0 Mo\u00efse dans le buisson et qui a aussi r\u00e9fut\u00e9 les sadduc\u00e9ens et accord\u00e9 la r\u00e9surrection. C&rsquo;est lui qui, \u00e0 partir de la Loi, a d\u00e9montr\u00e9 \u00e0 ces aveugles ces deux choses : la r\u00e9surrection et le vrai Dieu. S&rsquo;il n&rsquo;est pas le Dieu des morts mais des vivants, et s&rsquo;il est appel\u00e9 le Dieu des p\u00e8res, qui se sont endormis, sans aucun doute ils sont vivants pour Dieu et n&rsquo;ont pas p\u00e9ri : \u00ab Ils sont enfants de la r\u00e9surrection. \u00bb Or la r\u00e9surrection, c&rsquo;est notre Seigneur en personne, comme il le dit lui-m\u00eame : \u00ab Je suis la r\u00e9surrection et la vie \u00bb (Jn 11,25). Et les p\u00e8res sont ses fils car il a \u00e9t\u00e9 dit par le proph\u00e8te : \u00ab Au lieu de p\u00e8res qu&rsquo;ils \u00e9taient, ils sont devenus des fils \u00bb (Ps 44,17).<\/p>\n<h3 class=\"GospelCommentaryAuthor-name commentary-author font-2\">Saint Ir\u00e9n\u00e9e de Lyon (v. 130-v. 208)<\/h3>\n<p>&nbsp;<\/p>\n<p>&nbsp;<\/p>\n<p>&nbsp;<\/p>\n","protected":false},"excerpt":{"rendered":"<p>Dans sa r\u00e9ponse aux sadduc\u00e9ens qui niaient la r\u00e9surrection et, \u00e0 cause de cela, m\u00e9prisaient Dieu et ridiculisaient la Loi, notre Seigneur et Ma\u00eetre a tout \u00e0 la fois prouv\u00e9 la r\u00e9surrection et fait conna\u00eetre Dieu. \u00ab Pour ce qui est de la r\u00e9surrection des morts, leur dit-il, n&rsquo;avez-vous donc pas lu cette parole dite [&hellip;]<\/p>\n","protected":false},"author":2,"featured_media":0,"comment_status":"closed","ping_status":"closed","sticky":false,"template":"","format":"standard","meta":{"footnotes":""},"categories":[13,1261],"tags":[417,536,1039],"class_list":["post-22348","post","type-post","status-publish","format-standard","hentry","category-ecritures","category-enseignement-2","tag-fils-du-dieu-vivant","tag-jesus-christ","tag-st-irenee"],"_links":{"self":[{"href":"https:\/\/www.associationdemarie.org\/blog\/wp-json\/wp\/v2\/posts\/22348","targetHints":{"allow":["GET"]}}],"collection":[{"href":"https:\/\/www.associationdemarie.org\/blog\/wp-json\/wp\/v2\/posts"}],"about":[{"href":"https:\/\/www.associationdemarie.org\/blog\/wp-json\/wp\/v2\/types\/post"}],"author":[{"embeddable":true,"href":"https:\/\/www.associationdemarie.org\/blog\/wp-json\/wp\/v2\/users\/2"}],"replies":[{"embeddable":true,"href":"https:\/\/www.associationdemarie.org\/blog\/wp-json\/wp\/v2\/comments?post=22348"}],"version-history":[{"count":3,"href":"https:\/\/www.associationdemarie.org\/blog\/wp-json\/wp\/v2\/posts\/22348\/revisions"}],"predecessor-version":[{"id":22352,"href":"https:\/\/www.associationdemarie.org\/blog\/wp-json\/wp\/v2\/posts\/22348\/revisions\/22352"}],"wp:attachment":[{"href":"https:\/\/www.associationdemarie.org\/blog\/wp-json\/wp\/v2\/media?parent=22348"}],"wp:term":[{"taxonomy":"category","embeddable":true,"href":"https:\/\/www.associationdemarie.org\/blog\/wp-json\/wp\/v2\/categories?post=22348"},{"taxonomy":"post_tag","embeddable":true,"href":"https:\/\/www.associationdemarie.org\/blog\/wp-json\/wp\/v2\/tags?post=22348"}],"curies":[{"name":"wp","href":"https:\/\/api.w.org\/{rel}","templated":true}]}}