{"id":22320,"date":"2022-11-13T01:58:13","date_gmt":"2022-11-13T00:58:13","guid":{"rendered":"http:\/\/www.associationdemarie.org\/blog\/?p=22320"},"modified":"2022-10-23T11:00:19","modified_gmt":"2022-10-23T10:00:19","slug":"ce-sera-pour-vous-loccasion-de-rendre-temoignage","status":"publish","type":"post","link":"https:\/\/www.associationdemarie.org\/blog\/ce-sera-pour-vous-loccasion-de-rendre-temoignage\/","title":{"rendered":"\u00ab Ce sera pour vous l\u2019occasion de rendre t\u00e9moignage. \u00bb"},"content":{"rendered":"<p><img loading=\"lazy\" decoding=\"async\" class=\"aligncenter  wp-image-22321\" src=\"https:\/\/www.associationdemarie.org\/blog\/wp-content\/uploads\/2022\/10\/13-11.jpg\" alt=\"\" width=\"472\" height=\"296\" \/><\/p>\n<p>Sans rel\u00e2che, je rends gr\u00e2ce \u00e0 mon Dieu, qui m&rsquo;a gard\u00e9 fid\u00e8le \u00ab au jour de ma tentation \u00bb, si bien qu&rsquo;aujourd&rsquo;hui je peux avec confiance offrir mon \u00e2me en sacrifice, comme \u00ab une offrande vivante \u00bb au Christ mon Seigneur, qui \u00ab m&rsquo;a gard\u00e9 dans toutes mes angoisses \u00bb. C&rsquo;est pourquoi je dis : \u00ab Qui suis-je, Seigneur ? \u00bb (\u2026) \u00ab D&rsquo;o\u00f9 me vient cette sagesse \u00bb, qui n&rsquo;\u00e9tait pas en moi, \u00ab car je ne connaissais pas le nombre de mes jours \u00bb et j&rsquo;ignorais Dieu ? D&rsquo;o\u00f9 m&rsquo;est venu par la suite le don si grand et si salutaire de conna\u00eetre Dieu et de l&rsquo;aimer, au point de quitter patrie et famille (\u2026), et de venir parmi les pa\u00efens d&rsquo;Irlande pour pr\u00eacher l&rsquo;\u00c9vangile, subir des outrages de la part des incroyants (\u2026), endurer beaucoup de pers\u00e9cutions, \u00ab et m\u00eame des cha\u00eenes \u00bb, jusqu&rsquo;\u00e0 donner ma libert\u00e9 pour le bien d&rsquo;autrui ?<\/p>\n<p>Si j&rsquo;en suis digne, me voil\u00e0 pr\u00eat \u00e0 donner jusqu&rsquo;\u00e0 ma vie pour son nom, sans h\u00e9sitation et avec joie ; je souhaite la mettre \u00e0 son service jusqu&rsquo;\u00e0 la mort, si le Seigneur me le permet. Car je suis grandement d\u00e9biteur \u00e0 l&rsquo;\u00e9gard de Dieu, lui qui m&rsquo;a accord\u00e9 cette gr\u00e2ce si grande de faire rena\u00eetre en Dieu des peuples nombreux par mon interm\u00e9diaire, puis de les conduire \u00e0 la pl\u00e9nitude de la foi. Il m&rsquo;a aussi permis d&rsquo;ordonner en tout lieu des ministres pour ce peuple venu r\u00e9cemment \u00e0 la foi, ce peuple que le Seigneur s&rsquo;est acquis des extr\u00e9mit\u00e9s de la terre, comme il en avait fait autrefois la promesse par ses proph\u00e8tes : \u00ab \u00c0 toi viendront les nations des extr\u00e9mit\u00e9s de la terre \u00bb, et \u00ab J&rsquo;ai fait de toi la lumi\u00e8re des nations pour que le salut parvienne jusqu&rsquo;aux extr\u00e9mit\u00e9s de la terre. \u00bb<\/p>\n<h3 class=\"GospelCommentaryAuthor-name commentary-author font-2\">Saint Patrick (v. 385-v. 461)<\/h3>\n<p>(R\u00e9f\u00e9rences bibliques : Ps 94,9; Rm 12,1; 2S 7,18; Mt 13,54; Ps 38,5; 2Tm 2,9; Lc 1,70; Jr 16,19; Is 49,6; Ac 13,47)<\/p>\n<p>&nbsp;<\/p>\n<p>&nbsp;<\/p>\n","protected":false},"excerpt":{"rendered":"<p>Sans rel\u00e2che, je rends gr\u00e2ce \u00e0 mon Dieu, qui m&rsquo;a gard\u00e9 fid\u00e8le \u00ab au jour de ma tentation \u00bb, si bien qu&rsquo;aujourd&rsquo;hui je peux avec confiance offrir mon \u00e2me en sacrifice, comme \u00ab une offrande vivante \u00bb au Christ mon Seigneur, qui \u00ab m&rsquo;a gard\u00e9 dans toutes mes angoisses \u00bb. C&rsquo;est pourquoi je dis : [&hellip;]<\/p>\n","protected":false},"author":2,"featured_media":0,"comment_status":"closed","ping_status":"closed","sticky":false,"template":"","format":"standard","meta":{"footnotes":""},"categories":[13,1261],"tags":[1282,1128],"class_list":["post-22320","post","type-post","status-publish","format-standard","hentry","category-ecritures","category-enseignement-2","tag-st-patrick","tag-temoins"],"_links":{"self":[{"href":"https:\/\/www.associationdemarie.org\/blog\/wp-json\/wp\/v2\/posts\/22320","targetHints":{"allow":["GET"]}}],"collection":[{"href":"https:\/\/www.associationdemarie.org\/blog\/wp-json\/wp\/v2\/posts"}],"about":[{"href":"https:\/\/www.associationdemarie.org\/blog\/wp-json\/wp\/v2\/types\/post"}],"author":[{"embeddable":true,"href":"https:\/\/www.associationdemarie.org\/blog\/wp-json\/wp\/v2\/users\/2"}],"replies":[{"embeddable":true,"href":"https:\/\/www.associationdemarie.org\/blog\/wp-json\/wp\/v2\/comments?post=22320"}],"version-history":[{"count":2,"href":"https:\/\/www.associationdemarie.org\/blog\/wp-json\/wp\/v2\/posts\/22320\/revisions"}],"predecessor-version":[{"id":22323,"href":"https:\/\/www.associationdemarie.org\/blog\/wp-json\/wp\/v2\/posts\/22320\/revisions\/22323"}],"wp:attachment":[{"href":"https:\/\/www.associationdemarie.org\/blog\/wp-json\/wp\/v2\/media?parent=22320"}],"wp:term":[{"taxonomy":"category","embeddable":true,"href":"https:\/\/www.associationdemarie.org\/blog\/wp-json\/wp\/v2\/categories?post=22320"},{"taxonomy":"post_tag","embeddable":true,"href":"https:\/\/www.associationdemarie.org\/blog\/wp-json\/wp\/v2\/tags?post=22320"}],"curies":[{"name":"wp","href":"https:\/\/api.w.org\/{rel}","templated":true}]}}