{"id":22274,"date":"2022-11-01T01:59:18","date_gmt":"2022-11-01T00:59:18","guid":{"rendered":"http:\/\/www.associationdemarie.org\/blog\/?p=22274"},"modified":"2022-10-11T09:02:02","modified_gmt":"2022-10-11T08:02:02","slug":"solennite-de-la-toussaint-6","status":"publish","type":"post","link":"https:\/\/www.associationdemarie.org\/blog\/solennite-de-la-toussaint-6\/","title":{"rendered":"Solennit\u00e9 de la Toussaint"},"content":{"rendered":"<p><img loading=\"lazy\" decoding=\"async\" class=\"aligncenter  wp-image-22275\" src=\"https:\/\/www.associationdemarie.org\/blog\/wp-content\/uploads\/2022\/10\/1-11.jpg\" alt=\"\" width=\"476\" height=\"317\" srcset=\"https:\/\/www.associationdemarie.org\/blog\/wp-content\/uploads\/2022\/10\/1-11.jpg 700w, https:\/\/www.associationdemarie.org\/blog\/wp-content\/uploads\/2022\/10\/1-11-300x200.jpg 300w\" sizes=\"auto, (max-width: 476px) 100vw, 476px\" \/><\/p>\n<p>Fr\u00e8res bien-aim\u00e9s, veillons avec soin \u00e0 tout ce qui touche \u00e0 notre vie commune, \u00ab conservant l&rsquo;unit\u00e9 de l&rsquo;esprit dans le lien de la paix \u00bb par \u00ab la gr\u00e2ce de notre Seigneur J\u00e9sus Christ et l&rsquo;amour de Dieu et la communion du Saint Esprit \u00bb (Ep 4,3; 2Co 13,13). De l&rsquo;amour de Dieu proc\u00e8de l&rsquo;unit\u00e9 de l&rsquo;esprit ; de la gr\u00e2ce de notre Seigneur J\u00e9sus Christ, le lien de la paix ; de la communion du Saint Esprit, cette communion qui est n\u00e9cessaire \u00e0 ceux qui vivent en commun. (&#8230;)<\/p>\n<p>\u00ab Je crois, Seigneur, en l&rsquo;Esprit Saint, en la sainte \u00c9glise catholique, en la communion des saints \u00bb (Credo). L\u00e0 est mon esp\u00e9rance, l\u00e0 est ma confiance, l\u00e0 est toute ma s\u00e9curit\u00e9 dans la confession de ma foi. (&#8230;) S&rsquo;il m&rsquo;est donn\u00e9, Seigneur, de \u00ab t&rsquo;aimer et d&rsquo;aimer mon prochain \u00bb (Mt 22,37-39), bien que mes m\u00e9rites soient de peu, mon esp\u00e9rance s&rsquo;\u00e9l\u00e8ve bien au-dessus. J&rsquo;ai confiance que par la communion de la charit\u00e9, les m\u00e9rites des saints me seront utiles et qu&rsquo;ainsi la communion des saints suppl\u00e9era \u00e0 mon insuffisance et \u00e0 mon imperfection&#8230; La charit\u00e9 dilate notre esp\u00e9rance jusqu&rsquo;\u00e0 la communion des saints, dans la communion des r\u00e9compenses. Mais celle-ci concerne les temps futurs : c&rsquo;est la communion de la gloire qui sera r\u00e9v\u00e9l\u00e9e en nous.<\/p>\n<p>Il y a donc trois communions : la communion de la nature, \u00e0 laquelle s&rsquo;est ajout\u00e9e la communion de la faute (&#8230;) ; la communion de la gr\u00e2ce ; et enfin celle de la gloire. Par la communion de la gr\u00e2ce, la communion de la nature commence d&rsquo;\u00eatre r\u00e9tablie et celle de la faute est exclue ; mais par la communion de la gloire, celle de la nature sera r\u00e9par\u00e9e en perfection et la col\u00e8re de Dieu sera tout \u00e0 fait exclue, lorsque \u00ab Dieu essuiera toute larme des yeux \u00bb des saints (Is 25,8; Ap 21,4). Alors tous les saints auront comme \u00ab un seul c\u0153ur et une seule \u00e2me \u00bb ; et \u00ab toutes choses leur seront communes \u00bb, car Dieu sera \u00ab tout en tous \u00bb (Ac 4,32; 1Co 15,28). Pour que nous parvenions \u00e0 cette communion et que nous nous rassemblions dans l&rsquo;un, \u00ab que la gr\u00e2ce de notre Seigneur J\u00e9sus Christ, et l&rsquo;amour de Dieu, et la communion du Saint-Esprit soit toujours avec nous tous. Amen \u00bb.<\/p>\n<h3 class=\"GospelCommentaryAuthor-name commentary-author font-2\">Baudouin de Ford (?-v. 1190)<\/h3>\n<p>&nbsp;<\/p>\n<p>&nbsp;<\/p>\n","protected":false},"excerpt":{"rendered":"<p>Fr\u00e8res bien-aim\u00e9s, veillons avec soin \u00e0 tout ce qui touche \u00e0 notre vie commune, \u00ab conservant l&rsquo;unit\u00e9 de l&rsquo;esprit dans le lien de la paix \u00bb par \u00ab la gr\u00e2ce de notre Seigneur J\u00e9sus Christ et l&rsquo;amour de Dieu et la communion du Saint Esprit \u00bb (Ep 4,3; 2Co 13,13). De l&rsquo;amour de Dieu proc\u00e8de [&hellip;]<\/p>\n","protected":false},"author":2,"featured_media":0,"comment_status":"closed","ping_status":"closed","sticky":false,"template":"","format":"standard","meta":{"footnotes":""},"categories":[3,13,1261,28],"tags":[1249,1507,1146],"class_list":["post-22274","post","type-post","status-publish","format-standard","hentry","category-liturgique","category-ecritures","category-enseignement-2","category-saints-et-saintes","tag-baudouin-de-ford","tag-communion-des-saints","tag-toussaint"],"_links":{"self":[{"href":"https:\/\/www.associationdemarie.org\/blog\/wp-json\/wp\/v2\/posts\/22274","targetHints":{"allow":["GET"]}}],"collection":[{"href":"https:\/\/www.associationdemarie.org\/blog\/wp-json\/wp\/v2\/posts"}],"about":[{"href":"https:\/\/www.associationdemarie.org\/blog\/wp-json\/wp\/v2\/types\/post"}],"author":[{"embeddable":true,"href":"https:\/\/www.associationdemarie.org\/blog\/wp-json\/wp\/v2\/users\/2"}],"replies":[{"embeddable":true,"href":"https:\/\/www.associationdemarie.org\/blog\/wp-json\/wp\/v2\/comments?post=22274"}],"version-history":[{"count":2,"href":"https:\/\/www.associationdemarie.org\/blog\/wp-json\/wp\/v2\/posts\/22274\/revisions"}],"predecessor-version":[{"id":22277,"href":"https:\/\/www.associationdemarie.org\/blog\/wp-json\/wp\/v2\/posts\/22274\/revisions\/22277"}],"wp:attachment":[{"href":"https:\/\/www.associationdemarie.org\/blog\/wp-json\/wp\/v2\/media?parent=22274"}],"wp:term":[{"taxonomy":"category","embeddable":true,"href":"https:\/\/www.associationdemarie.org\/blog\/wp-json\/wp\/v2\/categories?post=22274"},{"taxonomy":"post_tag","embeddable":true,"href":"https:\/\/www.associationdemarie.org\/blog\/wp-json\/wp\/v2\/tags?post=22274"}],"curies":[{"name":"wp","href":"https:\/\/api.w.org\/{rel}","templated":true}]}}