{"id":22256,"date":"2022-10-27T01:18:39","date_gmt":"2022-10-27T00:18:39","guid":{"rendered":"http:\/\/www.associationdemarie.org\/blog\/?p=22256"},"modified":"2022-10-06T07:20:37","modified_gmt":"2022-10-06T06:20:37","slug":"herode-veut-te-faire-mourir","status":"publish","type":"post","link":"https:\/\/www.associationdemarie.org\/blog\/herode-veut-te-faire-mourir\/","title":{"rendered":"\u00ab H\u00e9rode veut te faire mourir. \u00bb"},"content":{"rendered":"<p><img loading=\"lazy\" decoding=\"async\" class=\"aligncenter  wp-image-22257\" src=\"https:\/\/www.associationdemarie.org\/blog\/wp-content\/uploads\/2022\/10\/27-10.jpeg\" alt=\"\" width=\"457\" height=\"229\" srcset=\"https:\/\/www.associationdemarie.org\/blog\/wp-content\/uploads\/2022\/10\/27-10.jpeg 317w, https:\/\/www.associationdemarie.org\/blog\/wp-content\/uploads\/2022\/10\/27-10-300x150.jpeg 300w\" sizes=\"auto, (max-width: 457px) 100vw, 457px\" \/><\/p>\n<p>Selon le t\u00e9moignage de l&rsquo;\u00c9criture Sainte, J\u00e9rusalem n&rsquo;a pas reconnu le temps o\u00f9 elle fut visit\u00e9e (Lc 19,44) ; les Juifs, en grande partie, n\u2019accept\u00e8rent pas l\u2019\u00c9vangile, et m\u00eame nombreux furent ceux qui s\u2019oppos\u00e8rent \u00e0 sa diffusion. N\u00e9anmoins, selon l&rsquo;ap\u00f4tre Paul, \u00ab \u00e0 cause de leurs p\u00e8res \u00bb, les Juifs restent encore, (&#8230;), \u00ab tr\u00e8s chers \u00e0 Dieu \u00bb, dont \u00ab les dons et l&rsquo;appel sont sans repentance \u00bb (Rm 11,28s). Avec les proph\u00e8tes et le m\u00eame Ap\u00f4tre, l\u2019\u00c9glise attend le jour, connu de Dieu seul, o\u00f9 tous les peuples invoqueront le Seigneur d\u2019une seule voix et \u00ab le serviront sous un m\u00eame joug \u00bb (So 3,9). Du fait d\u2019un si grand patrimoine spirituel, commun aux chr\u00e9tiens et aux Juifs, le saint Concile veut encourager et recommander la connaissance et l&rsquo;estime mutuelles, qui na\u00eetront surtout d&rsquo;\u00e9tudes bibliques et th\u00e9ologiques, ainsi que d&rsquo;un dialogue fraternel.<\/p>\n<p>Encore que des autorit\u00e9s juives, avec leurs partisans, aient pouss\u00e9 \u00e0 la mort du Christ, ce qui a \u00e9t\u00e9 commis durant sa Passion ne peut \u00eatre imput\u00e9 ni indistinctement \u00e0 tous les Juifs vivant alors, ni aux juifs de notre temps. S&rsquo;il est vrai que l&rsquo;\u00c9glise est le nouveau peuple de Dieu, les Juifs ne doivent pas, pour autant, \u00eatre pr\u00e9sent\u00e9s comme r\u00e9prouv\u00e9s par Dieu ni maudits, comme si cela d\u00e9coulait de la Sainte \u00c9criture. Que tous donc aient soin, dans la cat\u00e9ch\u00e8se et la pr\u00e9dication de la Parole de Dieu, de n\u2019enseigner quoi que ce soit qui ne soit conforme \u00e0 la v\u00e9rit\u00e9 de l\u2019\u00c9vangile et \u00e0 l\u2019esprit du Christ.<\/p>\n<p>En outre, l\u2019\u00c9glise, qui r\u00e9prouve toutes les pers\u00e9cutions contre tous les hommes, quels qu\u2019ils soient, ne pouvant oublier le patrimoine qu\u2019elle a en commun avec les Juifs, et pouss\u00e9e, non pas par des motifs politiques, mais par la charit\u00e9 religieuse de l\u2019\u00c9vangile, d\u00e9plore les haines, les pers\u00e9cutions et les manifestations d\u2019antis\u00e9mitisme, qui, quels que soient leur \u00e9poque et leurs auteurs, ont \u00e9t\u00e9 dirig\u00e9es contre les Juifs. D\u2019ailleurs, comme l\u2019\u00c9glise l\u2019a toujours tenu et comme elle le tient encore, le Christ, en vertu de son immense amour, s\u2019est soumis volontairement \u00e0 la Passion et \u00e0 la mort \u00e0 cause des p\u00e9ch\u00e9s de tous les hommes et pour que tous les hommes obtiennent le salut. Le devoir de l\u2019\u00c9glise, dans sa pr\u00e9dication, est donc d\u2019annoncer la croix du Christ comme signe de l\u2019amour universel de Dieu et comme source de toute gr\u00e2ce.<\/p>\n<h3 class=\"GospelCommentaryAuthor-name commentary-author font-2\">Concile Vatican II<\/h3>\n<p>&nbsp;<\/p>\n<p>&nbsp;<\/p>\n<p>&nbsp;<\/p>\n","protected":false},"excerpt":{"rendered":"<p>Selon le t\u00e9moignage de l&rsquo;\u00c9criture Sainte, J\u00e9rusalem n&rsquo;a pas reconnu le temps o\u00f9 elle fut visit\u00e9e (Lc 19,44) ; les Juifs, en grande partie, n\u2019accept\u00e8rent pas l\u2019\u00c9vangile, et m\u00eame nombreux furent ceux qui s\u2019oppos\u00e8rent \u00e0 sa diffusion. N\u00e9anmoins, selon l&rsquo;ap\u00f4tre Paul, \u00ab \u00e0 cause de leurs p\u00e8res \u00bb, les Juifs restent encore, (&#8230;), \u00ab tr\u00e8s [&hellip;]<\/p>\n","protected":false},"author":2,"featured_media":0,"comment_status":"closed","ping_status":"closed","sticky":false,"template":"","format":"standard","meta":{"footnotes":""},"categories":[13,1261],"tags":[474,555,1174],"class_list":["post-22256","post","type-post","status-publish","format-standard","hentry","category-ecritures","category-enseignement-2","tag-herode","tag-juifs","tag-vatican-2"],"_links":{"self":[{"href":"https:\/\/www.associationdemarie.org\/blog\/wp-json\/wp\/v2\/posts\/22256","targetHints":{"allow":["GET"]}}],"collection":[{"href":"https:\/\/www.associationdemarie.org\/blog\/wp-json\/wp\/v2\/posts"}],"about":[{"href":"https:\/\/www.associationdemarie.org\/blog\/wp-json\/wp\/v2\/types\/post"}],"author":[{"embeddable":true,"href":"https:\/\/www.associationdemarie.org\/blog\/wp-json\/wp\/v2\/users\/2"}],"replies":[{"embeddable":true,"href":"https:\/\/www.associationdemarie.org\/blog\/wp-json\/wp\/v2\/comments?post=22256"}],"version-history":[{"count":2,"href":"https:\/\/www.associationdemarie.org\/blog\/wp-json\/wp\/v2\/posts\/22256\/revisions"}],"predecessor-version":[{"id":22259,"href":"https:\/\/www.associationdemarie.org\/blog\/wp-json\/wp\/v2\/posts\/22256\/revisions\/22259"}],"wp:attachment":[{"href":"https:\/\/www.associationdemarie.org\/blog\/wp-json\/wp\/v2\/media?parent=22256"}],"wp:term":[{"taxonomy":"category","embeddable":true,"href":"https:\/\/www.associationdemarie.org\/blog\/wp-json\/wp\/v2\/categories?post=22256"},{"taxonomy":"post_tag","embeddable":true,"href":"https:\/\/www.associationdemarie.org\/blog\/wp-json\/wp\/v2\/tags?post=22256"}],"curies":[{"name":"wp","href":"https:\/\/api.w.org\/{rel}","templated":true}]}}