{"id":22242,"date":"2022-10-23T01:47:57","date_gmt":"2022-10-23T00:47:57","guid":{"rendered":"http:\/\/www.associationdemarie.org\/blog\/?p=22242"},"modified":"2022-10-02T08:49:41","modified_gmt":"2022-10-02T07:49:41","slug":"prends-pitie-du-pecheur-que-je-suis-2","status":"publish","type":"post","link":"https:\/\/www.associationdemarie.org\/blog\/prends-pitie-du-pecheur-que-je-suis-2\/","title":{"rendered":"\u00ab Prends piti\u00e9 du p\u00e9cheur que je suis. \u00bb"},"content":{"rendered":"<p><img loading=\"lazy\" decoding=\"async\" class=\"aligncenter  wp-image-22243\" src=\"https:\/\/www.associationdemarie.org\/blog\/wp-content\/uploads\/2022\/10\/23-10.jpeg\" alt=\"\" width=\"484\" height=\"362\" \/><\/p>\n<p>Un pharisien et un publicain montaient au Temple pour y prier. Le pharisien a commenc\u00e9 par \u00e9num\u00e9rer toutes ses qualit\u00e9s, en proclamant : \u00ab O Dieu, je te rends gr\u00e2ce de ce que je ne suis pas comme le reste des hommes, qui sont rapaces, injustes et adult\u00e8res, ou bien encore come ce publicain ! \u00bb Mis\u00e9rable sois-tu, toi qui oses porter un jugement sur la terre tout enti\u00e8re ! Pourquoi accabler ton prochain ? As-tu encore besoin de condamner ce publicain, la terre ne t&rsquo;a-t-elle pas suffi ? Tu as accus\u00e9 tous les hommes, sans exception : \u00ab Je ne suis pas comme le reste des hommes&#8230;ou bien encore comme ce publicain ; je je\u00fbne deux fois la semaine, je donne la d\u00eeme de tout ce que je poss\u00e8de. \u00bb Que de suffisance dans ces paroles ! Malheureux !&#8230;<\/p>\n<p>Le publicain, quant \u00e0 lui, avait fort bien entendu ces paroles. Il aurait pu r\u00e9torquer en ces termes : \u00ab Qui donc es-tu, qui oses prof\u00e9rer de telles m\u00e9disances \u00e0 mon sujet ? D&rsquo;o\u00f9 connais-tu ma vie ? Tu n&rsquo;as jamais v\u00e9cu dans mon entourage, tu n&rsquo;es pas un de mes intimes. Pourquoi manifester un tel orgueil ? D&rsquo;ailleurs, qui peut attester la r\u00e9alit\u00e9 de tes bonnes actions ? Pourquoi fais-tu ainsi ton propre \u00e9loge, qu&rsquo;est-ce qui t&rsquo;incite \u00e0 te glorifier de la sorte ? \u00bb Mais il n&rsquo;en fit rien \u2013- bien au contraire -\u2013 il s&rsquo;est prostern\u00e9, en disant : \u00ab O Dieu, prends en piti\u00e9 le p\u00e9cheur que je suis ! \u00bb Et, pour avoir fait preuve d&rsquo;humilit\u00e9, il a \u00e9t\u00e9 justifi\u00e9.<\/p>\n<p>Le pharisien a quitt\u00e9 le Temple, priv\u00e9 de toute absolution, tandis que le publicain s&rsquo;en allait, le c\u0153ur renouvel\u00e9 d&rsquo;une justice retrouv\u00e9e&#8230; Pourtant, il n&rsquo;y avait l\u00e0 gu\u00e8re d&rsquo;humilit\u00e9, dans la mesure o\u00f9 l&rsquo;on utilise ce terme lorsque quelqu&rsquo;un de noble s&rsquo;abaisse ; or, dans le cas du publicain, il ne s&rsquo;agissait pas d&rsquo;humilit\u00e9, mais de simple v\u00e9rit\u00e9, car il disait vrai.<\/p>\n<h3 class=\"GospelCommentaryAuthor-name commentary-author font-2\">Saint Jean Chrysostome (v. 345-407)<\/h3>\n<p>&nbsp;<\/p>\n<p>&nbsp;<\/p>\n<p>&nbsp;<\/p>\n","protected":false},"excerpt":{"rendered":"<p>Un pharisien et un publicain montaient au Temple pour y prier. Le pharisien a commenc\u00e9 par \u00e9num\u00e9rer toutes ses qualit\u00e9s, en proclamant : \u00ab O Dieu, je te rends gr\u00e2ce de ce que je ne suis pas comme le reste des hommes, qui sont rapaces, injustes et adult\u00e8res, ou bien encore come ce publicain ! [&hellip;]<\/p>\n","protected":false},"author":2,"featured_media":0,"comment_status":"closed","ping_status":"closed","sticky":false,"template":"","format":"standard","meta":{"footnotes":""},"categories":[13,1261],"tags":[1527,487],"class_list":["post-22242","post","type-post","status-publish","format-standard","hentry","category-ecritures","category-enseignement-2","tag-contrition","tag-humilite"],"_links":{"self":[{"href":"https:\/\/www.associationdemarie.org\/blog\/wp-json\/wp\/v2\/posts\/22242","targetHints":{"allow":["GET"]}}],"collection":[{"href":"https:\/\/www.associationdemarie.org\/blog\/wp-json\/wp\/v2\/posts"}],"about":[{"href":"https:\/\/www.associationdemarie.org\/blog\/wp-json\/wp\/v2\/types\/post"}],"author":[{"embeddable":true,"href":"https:\/\/www.associationdemarie.org\/blog\/wp-json\/wp\/v2\/users\/2"}],"replies":[{"embeddable":true,"href":"https:\/\/www.associationdemarie.org\/blog\/wp-json\/wp\/v2\/comments?post=22242"}],"version-history":[{"count":2,"href":"https:\/\/www.associationdemarie.org\/blog\/wp-json\/wp\/v2\/posts\/22242\/revisions"}],"predecessor-version":[{"id":22245,"href":"https:\/\/www.associationdemarie.org\/blog\/wp-json\/wp\/v2\/posts\/22242\/revisions\/22245"}],"wp:attachment":[{"href":"https:\/\/www.associationdemarie.org\/blog\/wp-json\/wp\/v2\/media?parent=22242"}],"wp:term":[{"taxonomy":"category","embeddable":true,"href":"https:\/\/www.associationdemarie.org\/blog\/wp-json\/wp\/v2\/categories?post=22242"},{"taxonomy":"post_tag","embeddable":true,"href":"https:\/\/www.associationdemarie.org\/blog\/wp-json\/wp\/v2\/tags?post=22242"}],"curies":[{"name":"wp","href":"https:\/\/api.w.org\/{rel}","templated":true}]}}