{"id":22209,"date":"2022-10-15T01:11:31","date_gmt":"2022-10-15T00:11:31","guid":{"rendered":"http:\/\/www.associationdemarie.org\/blog\/?p=22209"},"modified":"2022-09-24T10:13:41","modified_gmt":"2022-09-24T09:13:41","slug":"se-prononcer-pour-le-christ-par-toute-sa-vie-2","status":"publish","type":"post","link":"https:\/\/www.associationdemarie.org\/blog\/se-prononcer-pour-le-christ-par-toute-sa-vie-2\/","title":{"rendered":"Se prononcer pour le Christ par toute sa vie"},"content":{"rendered":"<p><img loading=\"lazy\" decoding=\"async\" class=\"aligncenter  wp-image-22210\" src=\"https:\/\/www.associationdemarie.org\/blog\/wp-content\/uploads\/2022\/09\/15-10.jpeg\" alt=\"\" width=\"458\" height=\"229\" srcset=\"https:\/\/www.associationdemarie.org\/blog\/wp-content\/uploads\/2022\/09\/15-10.jpeg 318w, https:\/\/www.associationdemarie.org\/blog\/wp-content\/uploads\/2022\/09\/15-10-300x150.jpeg 300w\" sizes=\"auto, (max-width: 458px) 100vw, 458px\" \/><\/p>\n<p>La charge de r\u00e9pandre la foi incombe \u00e0 tous les disciples du Christ, chacun pour sa part. Cependant, parmi ses disciples, le Christ Seigneur appelle toujours \u00ab ceux qu&rsquo;il veut pour qu&rsquo;ils soient avec lui et pour les envoyer pr\u00eacher \u00bb aux nations pa\u00efennes (Mc 3,13-14)&#8230;<\/p>\n<p>C&rsquo;est le vrai Dieu qui appelle, mais l&rsquo;homme doit lui r\u00e9pondre de telle mani\u00e8re qu&rsquo; \u00ab en dehors de tout motif humain \u00bb (Ga 1,16) il s&rsquo;attache tout entier au travail de l&rsquo;\u00c9vangile. Or, cette r\u00e9ponse ne peut \u00eatre donn\u00e9e que si l&rsquo;Esprit Saint y pousse et en donne la force. Car celui qui est envoy\u00e9 entre dans la vie et la mission de celui qui \u00ab s&rsquo;est d\u00e9pouill\u00e9 lui-m\u00eame en prenant la condition de serviteur \u00bb (Ph 2,7). Le missionnaire doit donc \u00eatre pr\u00eat \u00e0 pers\u00e9v\u00e9rer pour la vie dans sa vocation, \u00ab \u00e0 renoncer \u00e0 lui-m\u00eame \u00bb et \u00e0 \u00ab tout ce qu&rsquo;il a poss\u00e9d\u00e9 \u00bb jusque-l\u00e0 (Lc 14,26.33), et \u00e0 \u00ab se faire tout \u00e0 tous \u00bb (1Co 9,22).<\/p>\n<p>Lorsqu&rsquo;il annonce l&rsquo;\u00c9vangile parmi les nations, il doit \u00ab faire conna\u00eetre avec assurance le myst\u00e8re du Christ qui l&rsquo;a charg\u00e9 d&rsquo;\u00eatre son ambassadeur \u00bb (Ep 6,19) ; en lui il doit parler avec toute l&rsquo;audace n\u00e9cessaire, sans rougir du scandale de la Croix. En suivant les traces de son Ma\u00eetre, qui est \u00ab doux et humble de c\u0153ur \u00bb, il manifestera que le \u00ab joug de celui-ci est facile \u00e0 porter, et son fardeau, l\u00e9ger \u00bb (Mt 11,29). En ayant une vie vraiment \u00e9vang\u00e9lique, une constance inlassable, de la patience, de la douceur, une charit\u00e9 loyale, il rendra t\u00e9moignage \u00e0 son Seigneur ; et cela, si c&rsquo;est n\u00e9cessaire, jusqu&rsquo;\u00e0 r\u00e9pandre son sang. Il obtiendra de Dieu force et courage pour d\u00e9couvrir que, dans toutes les d\u00e9tresses qui le mettent \u00e0 l&rsquo;\u00e9preuve, et dans la plus profonde pauvret\u00e9, il y a une joie immense.<\/p>\n<h3 class=\"GospelCommentaryAuthor-name commentary-author font-2\">Concile Vatican II<\/h3>\n<p>&nbsp;<\/p>\n<p>&nbsp;<\/p>\n<p>&nbsp;<\/p>\n","protected":false},"excerpt":{"rendered":"<p>La charge de r\u00e9pandre la foi incombe \u00e0 tous les disciples du Christ, chacun pour sa part. Cependant, parmi ses disciples, le Christ Seigneur appelle toujours \u00ab ceux qu&rsquo;il veut pour qu&rsquo;ils soient avec lui et pour les envoyer pr\u00eacher \u00bb aux nations pa\u00efennes (Mc 3,13-14)&#8230; C&rsquo;est le vrai Dieu qui appelle, mais l&rsquo;homme doit [&hellip;]<\/p>\n","protected":false},"author":2,"featured_media":0,"comment_status":"closed","ping_status":"closed","sticky":false,"template":"","format":"standard","meta":{"footnotes":""},"categories":[13,1261],"tags":[1174],"class_list":["post-22209","post","type-post","status-publish","format-standard","hentry","category-ecritures","category-enseignement-2","tag-vatican-2"],"_links":{"self":[{"href":"https:\/\/www.associationdemarie.org\/blog\/wp-json\/wp\/v2\/posts\/22209","targetHints":{"allow":["GET"]}}],"collection":[{"href":"https:\/\/www.associationdemarie.org\/blog\/wp-json\/wp\/v2\/posts"}],"about":[{"href":"https:\/\/www.associationdemarie.org\/blog\/wp-json\/wp\/v2\/types\/post"}],"author":[{"embeddable":true,"href":"https:\/\/www.associationdemarie.org\/blog\/wp-json\/wp\/v2\/users\/2"}],"replies":[{"embeddable":true,"href":"https:\/\/www.associationdemarie.org\/blog\/wp-json\/wp\/v2\/comments?post=22209"}],"version-history":[{"count":1,"href":"https:\/\/www.associationdemarie.org\/blog\/wp-json\/wp\/v2\/posts\/22209\/revisions"}],"predecessor-version":[{"id":22211,"href":"https:\/\/www.associationdemarie.org\/blog\/wp-json\/wp\/v2\/posts\/22209\/revisions\/22211"}],"wp:attachment":[{"href":"https:\/\/www.associationdemarie.org\/blog\/wp-json\/wp\/v2\/media?parent=22209"}],"wp:term":[{"taxonomy":"category","embeddable":true,"href":"https:\/\/www.associationdemarie.org\/blog\/wp-json\/wp\/v2\/categories?post=22209"},{"taxonomy":"post_tag","embeddable":true,"href":"https:\/\/www.associationdemarie.org\/blog\/wp-json\/wp\/v2\/tags?post=22209"}],"curies":[{"name":"wp","href":"https:\/\/api.w.org\/{rel}","templated":true}]}}