{"id":22184,"date":"2022-10-08T01:13:45","date_gmt":"2022-10-08T00:13:45","guid":{"rendered":"http:\/\/www.associationdemarie.org\/blog\/?p=22184"},"modified":"2022-09-17T09:16:03","modified_gmt":"2022-09-17T08:16:03","slug":"heureux-ceux-qui-accueillent-la-parole-de-dieu-son-verbe","status":"publish","type":"post","link":"https:\/\/www.associationdemarie.org\/blog\/heureux-ceux-qui-accueillent-la-parole-de-dieu-son-verbe\/","title":{"rendered":"Heureux ceux qui accueillent la Parole de Dieu, son Verbe"},"content":{"rendered":"<p><img loading=\"lazy\" decoding=\"async\" class=\"aligncenter  wp-image-22185\" src=\"https:\/\/www.associationdemarie.org\/blog\/wp-content\/uploads\/2022\/09\/8-10.jpg\" alt=\"\" width=\"482\" height=\"282\" srcset=\"https:\/\/www.associationdemarie.org\/blog\/wp-content\/uploads\/2022\/09\/8-10.jpg 650w, https:\/\/www.associationdemarie.org\/blog\/wp-content\/uploads\/2022\/09\/8-10-300x175.jpg 300w\" sizes=\"auto, (max-width: 482px) 100vw, 482px\" \/><\/p>\n<p>Il appartient \u00e0 la Vierge Marie d&rsquo;avoir con\u00e7u le Christ en son sein, mais c&rsquo;est le partage de tous les \u00e9lus de le porter avec amour dans leur c\u0153ur. Heureuse, oui, tr\u00e8s heureuse la femme qui a port\u00e9 J\u00e9sus en elle durant neuf mois (Lc 11,27). Heureux, nous aussi, lorsque nous veillons \u00e0 le porter sans cesse en notre c\u0153ur. Certes, la conception du Christ dans le sein de Marie a \u00e9t\u00e9 une grande merveille, mais ce n&rsquo;est pas une moindre merveille que de le voir devenir l&rsquo;h\u00f4te de notre poitrine. C&rsquo;est le sens de ce t\u00e9moignage de Jean\u00a0: \u00ab\u00a0Me voici \u00e0 la porte et je frappe\u00a0; si quelqu&rsquo;un entend ma voix et m&rsquo;ouvre la porte, j&rsquo;entrerai chez lui, et je souperai avec lui et lui avec moi\u00a0\u00bb (Ap 3,20). (&#8230;) Ici encore, mes fr\u00e8res, consid\u00e9rons quelle est notre dignit\u00e9 et notre ressemblance avec Marie. La Vierge a con\u00e7u le Christ dans ses entrailles de chair, et nous le portons dans celles de notre c\u0153ur. Marie a nourri le Christ en donnant \u00e0 ses l\u00e8vres le lait de son sein, et nous pouvons lui offrir le repas vari\u00e9 des bonnes actions qui font ses d\u00e9lices.<\/p>\n<h3 class=\"GospelCommentaryAuthor-name commentary-author font-2\">Saint Pierre Damien (1007-1072)<\/h3>\n<p>&nbsp;<\/p>\n<p>&nbsp;<\/p>\n<p>&nbsp;<\/p>\n","protected":false},"excerpt":{"rendered":"<p>Il appartient \u00e0 la Vierge Marie d&rsquo;avoir con\u00e7u le Christ en son sein, mais c&rsquo;est le partage de tous les \u00e9lus de le porter avec amour dans leur c\u0153ur. Heureuse, oui, tr\u00e8s heureuse la femme qui a port\u00e9 J\u00e9sus en elle durant neuf mois (Lc 11,27). Heureux, nous aussi, lorsque nous veillons \u00e0 le porter [&hellip;]<\/p>\n","protected":false},"author":2,"featured_media":0,"comment_status":"closed","ping_status":"closed","sticky":false,"template":"","format":"standard","meta":{"footnotes":""},"categories":[13,1261],"tags":[1073,1179,1189],"class_list":["post-22184","post","type-post","status-publish","format-standard","hentry","category-ecritures","category-enseignement-2","tag-st-pierre-damien","tag-verbe","tag-vierge-marie"],"_links":{"self":[{"href":"https:\/\/www.associationdemarie.org\/blog\/wp-json\/wp\/v2\/posts\/22184","targetHints":{"allow":["GET"]}}],"collection":[{"href":"https:\/\/www.associationdemarie.org\/blog\/wp-json\/wp\/v2\/posts"}],"about":[{"href":"https:\/\/www.associationdemarie.org\/blog\/wp-json\/wp\/v2\/types\/post"}],"author":[{"embeddable":true,"href":"https:\/\/www.associationdemarie.org\/blog\/wp-json\/wp\/v2\/users\/2"}],"replies":[{"embeddable":true,"href":"https:\/\/www.associationdemarie.org\/blog\/wp-json\/wp\/v2\/comments?post=22184"}],"version-history":[{"count":1,"href":"https:\/\/www.associationdemarie.org\/blog\/wp-json\/wp\/v2\/posts\/22184\/revisions"}],"predecessor-version":[{"id":22186,"href":"https:\/\/www.associationdemarie.org\/blog\/wp-json\/wp\/v2\/posts\/22184\/revisions\/22186"}],"wp:attachment":[{"href":"https:\/\/www.associationdemarie.org\/blog\/wp-json\/wp\/v2\/media?parent=22184"}],"wp:term":[{"taxonomy":"category","embeddable":true,"href":"https:\/\/www.associationdemarie.org\/blog\/wp-json\/wp\/v2\/categories?post=22184"},{"taxonomy":"post_tag","embeddable":true,"href":"https:\/\/www.associationdemarie.org\/blog\/wp-json\/wp\/v2\/tags?post=22184"}],"curies":[{"name":"wp","href":"https:\/\/api.w.org\/{rel}","templated":true}]}}