{"id":22153,"date":"2022-09-29T01:38:37","date_gmt":"2022-09-29T00:38:37","guid":{"rendered":"http:\/\/www.associationdemarie.org\/blog\/?p=22153"},"modified":"2022-09-08T08:40:26","modified_gmt":"2022-09-08T07:40:26","slug":"fete-des-saints-michel-gabriel-et-raphael-archanges-5","status":"publish","type":"post","link":"https:\/\/www.associationdemarie.org\/blog\/fete-des-saints-michel-gabriel-et-raphael-archanges-5\/","title":{"rendered":"F\u00eate des saints Michel, Gabriel et Rapha\u00ebl, archanges"},"content":{"rendered":"<p><img loading=\"lazy\" decoding=\"async\" class=\"aligncenter  wp-image-22154\" src=\"https:\/\/www.associationdemarie.org\/blog\/wp-content\/uploads\/2022\/09\/29-09.jpg\" alt=\"\" width=\"450\" height=\"450\" srcset=\"https:\/\/www.associationdemarie.org\/blog\/wp-content\/uploads\/2022\/09\/29-09.jpg 720w, https:\/\/www.associationdemarie.org\/blog\/wp-content\/uploads\/2022\/09\/29-09-150x150.jpg 150w, https:\/\/www.associationdemarie.org\/blog\/wp-content\/uploads\/2022\/09\/29-09-300x300.jpg 300w\" sizes=\"auto, (max-width: 450px) 100vw, 450px\" \/><\/p>\n<p>Nous c\u00e9l\u00e9brons aujourd&rsquo;hui la f\u00eate des saints anges&#8230; Mais que pouvons-nous dire de ces esprits ang\u00e9liques ? Voici notre foi : nous croyons qu&rsquo;ils jouissent de la pr\u00e9sence et de la vue de Dieu, qu&rsquo;ils poss\u00e8dent un bonheur sans fin, ces biens du Seigneur \u00ab que l&rsquo;\u0153il n&rsquo;a pas vus, ni l&rsquo;oreille entendus, qui ne sont pas mont\u00e9s jusqu&rsquo;au c\u0153ur de l&rsquo;homme \u00bb (1Co 2,9). Qu&rsquo;est-ce qu&rsquo;un simple mortel peut dire \u00e0 ce sujet \u00e0 d&rsquo;autres hommes mortels, incapable qu&rsquo;il est de concevoir de telles choses ?&#8230; S&rsquo;il est impossible de parler de la gloire des saints anges en Dieu, nous pouvons au moins parler de la gr\u00e2ce et de l&rsquo;amour qu&rsquo;ils manifestent \u00e0 notre \u00e9gard, car ils jouissent non seulement d&rsquo;une dignit\u00e9 incomparable mais aussi d&rsquo;une serviabilit\u00e9 pleine de bont\u00e9&#8230; Si nous ne pouvons pas comprendre leur gloire, nous nous attachons d&rsquo;autant plus \u00e9troitement \u00e0 la mis\u00e9ricorde dont sont remplis ces familiers de Dieu, ces citoyens du ciel, ces princes du paradis.<\/p>\n<p>L&rsquo;ap\u00f4tre Paul lui-m\u00eame, qui a contempl\u00e9 de ses yeux la cour c\u00e9leste et qui en a connu les secrets (2Co 12,2), nous atteste que \u00ab tous les anges sont des esprits charg\u00e9s d&rsquo;un minist\u00e8re, envoy\u00e9s en service en faveur de ceux qui doivent h\u00e9riter du salut \u00bb (He 1,14). Ne voyez l\u00e0 rien d&rsquo;incroyable, puisque le Cr\u00e9ateur, le Roi des anges lui-m\u00eame \u00ab est venu, non pour \u00eatre servi, mais pour servir, et donner sa vie pour la multitude des hommes \u00bb (Mc 10,45). Quel ange d\u00e9daignerait donc un tel service o\u00f9 l&rsquo;a devanc\u00e9 celui que les anges servent dans les cieux avec empressement et avec joie ?<\/p>\n<h3 class=\"GospelCommentaryAuthor-name commentary-author font-2\">Saint Bernard (1091-1153)<\/h3>\n<p>&nbsp;<\/p>\n<p>&nbsp;<\/p>\n<p>&nbsp;<\/p>\n","protected":false},"excerpt":{"rendered":"<p>Nous c\u00e9l\u00e9brons aujourd&rsquo;hui la f\u00eate des saints anges&#8230; Mais que pouvons-nous dire de ces esprits ang\u00e9liques ? Voici notre foi : nous croyons qu&rsquo;ils jouissent de la pr\u00e9sence et de la vue de Dieu, qu&rsquo;ils poss\u00e8dent un bonheur sans fin, ces biens du Seigneur \u00ab que l&rsquo;\u0153il n&rsquo;a pas vus, ni l&rsquo;oreille entendus, qui ne [&hellip;]<\/p>\n","protected":false},"author":2,"featured_media":0,"comment_status":"closed","ping_status":"closed","sticky":false,"template":"","format":"standard","meta":{"footnotes":""},"categories":[3,28],"tags":[96,1017],"class_list":["post-22153","post","type-post","status-publish","format-standard","hentry","category-liturgique","category-saints-et-saintes","tag-archanges","tag-st-bernard"],"_links":{"self":[{"href":"https:\/\/www.associationdemarie.org\/blog\/wp-json\/wp\/v2\/posts\/22153","targetHints":{"allow":["GET"]}}],"collection":[{"href":"https:\/\/www.associationdemarie.org\/blog\/wp-json\/wp\/v2\/posts"}],"about":[{"href":"https:\/\/www.associationdemarie.org\/blog\/wp-json\/wp\/v2\/types\/post"}],"author":[{"embeddable":true,"href":"https:\/\/www.associationdemarie.org\/blog\/wp-json\/wp\/v2\/users\/2"}],"replies":[{"embeddable":true,"href":"https:\/\/www.associationdemarie.org\/blog\/wp-json\/wp\/v2\/comments?post=22153"}],"version-history":[{"count":1,"href":"https:\/\/www.associationdemarie.org\/blog\/wp-json\/wp\/v2\/posts\/22153\/revisions"}],"predecessor-version":[{"id":22155,"href":"https:\/\/www.associationdemarie.org\/blog\/wp-json\/wp\/v2\/posts\/22153\/revisions\/22155"}],"wp:attachment":[{"href":"https:\/\/www.associationdemarie.org\/blog\/wp-json\/wp\/v2\/media?parent=22153"}],"wp:term":[{"taxonomy":"category","embeddable":true,"href":"https:\/\/www.associationdemarie.org\/blog\/wp-json\/wp\/v2\/categories?post=22153"},{"taxonomy":"post_tag","embeddable":true,"href":"https:\/\/www.associationdemarie.org\/blog\/wp-json\/wp\/v2\/tags?post=22153"}],"curies":[{"name":"wp","href":"https:\/\/api.w.org\/{rel}","templated":true}]}}