{"id":22110,"date":"2022-09-16T01:33:13","date_gmt":"2022-09-16T00:33:13","guid":{"rendered":"http:\/\/www.associationdemarie.org\/blog\/?p=22110"},"modified":"2022-08-26T06:35:16","modified_gmt":"2022-08-26T05:35:16","slug":"les-douze-etaient-avec-lui-ainsi-que-quelques-femmes","status":"publish","type":"post","link":"https:\/\/www.associationdemarie.org\/blog\/les-douze-etaient-avec-lui-ainsi-que-quelques-femmes\/","title":{"rendered":"\u00ab Les Douze \u00e9taient avec lui, ainsi que quelques femmes. \u00bb"},"content":{"rendered":"<p><img loading=\"lazy\" decoding=\"async\" class=\"aligncenter  wp-image-22111\" src=\"https:\/\/www.associationdemarie.org\/blog\/wp-content\/uploads\/2022\/08\/16-09-FemmesDisciplesBig.jpg\" alt=\"\" width=\"469\" height=\"453\" srcset=\"https:\/\/www.associationdemarie.org\/blog\/wp-content\/uploads\/2022\/08\/16-09-FemmesDisciplesBig.jpg 540w, https:\/\/www.associationdemarie.org\/blog\/wp-content\/uploads\/2022\/08\/16-09-FemmesDisciplesBig-300x289.jpg 300w\" sizes=\"auto, (max-width: 469px) 100vw, 469px\" \/><\/p>\n<p>Depuis le commencement de la mission du Christ, la femme montre \u00e0 son \u00e9gard et \u00e0 l&rsquo;\u00e9gard de tout son myst\u00e8re une sensibilit\u00e9 particuli\u00e8re qui correspond \u00e0 l&rsquo;une des caract\u00e9ristiques de sa f\u00e9minit\u00e9. Il convient de relever en outre que cela est confirm\u00e9 particuli\u00e8rement face au myst\u00e8re pascal, non seulement au moment de la crucifixion, mais encore \u00e0 l&rsquo;aube de la r\u00e9surrection. Les femmes sont les premi\u00e8res pr\u00e8s du tombeau. Elles sont les premi\u00e8res \u00e0 le trouver vide. Elles sont les premi\u00e8res \u00e0 entendre : \u00ab Il n&rsquo;est pas ici, car il est ressuscit\u00e9 comme il l&rsquo;avait dit \u00bb (Mt 28,6). Elles sont les premi\u00e8res \u00e0 \u00e9treindre ses pieds (Mt 28,9). Elles sont aussi les premi\u00e8res appel\u00e9es \u00e0 annoncer cette v\u00e9rit\u00e9 aux Ap\u00f4tres (Mt 28,1-10; Lc 24,8-11).<\/p>\n<p>L&rsquo;\u00c9vangile de Jean (cf aussi Mc 16,9) met en relief le r\u00f4le particulier de Marie de Magdala. Elle est la premi\u00e8re \u00e0 rencontrer le Christ ressuscit\u00e9. (&#8230;) C&rsquo;est pour cela qu&rsquo;on l&rsquo;a m\u00eame appel\u00e9e \u00ab l&rsquo;ap\u00f4tre des Ap\u00f4tres \u00bb. Marie de Magdala a \u00e9t\u00e9, avant les Ap\u00f4tres, t\u00e9moin oculaire du Christ ressuscit\u00e9 et, pour cette raison, elle a \u00e9t\u00e9 aussi la premi\u00e8re \u00e0 lui rendre t\u00e9moignage devant les Ap\u00f4tres.<\/p>\n<p>Cet \u00e9v\u00e9nement, en un sens, est comme le couronnement de tout ce qui a \u00e9t\u00e9 dit pr\u00e9c\u00e9demment sur la transmission par le Christ de la v\u00e9rit\u00e9 divine aux femmes, sur un pied d&rsquo;\u00e9galit\u00e9 avec les hommes. On peut dire que les paroles du proph\u00e8te sont ainsi accomplies : \u00ab Je r\u00e9pandrai mon Esprit sur toute chair. Vos fils et vos filles proph\u00e9tiseront \u00bb (Jl 3,1). Cinquante jours apr\u00e8s la r\u00e9surrection du Christ, ces paroles sont encore une fois confirm\u00e9es au C\u00e9nacle de J\u00e9rusalem, \u00e0 la descente de l&rsquo;Esprit Saint, le Paraclet (Ac 2,17). Tout ce qui a \u00e9t\u00e9 dit ici sur l&rsquo;attitude du Christ \u00e0 l&rsquo;\u00e9gard des femmes confirme et \u00e9claire dans l&rsquo;Esprit Saint la v\u00e9rit\u00e9 sur l&rsquo;\u00e9galit\u00e9 de l&rsquo;homme et de la femme.<\/p>\n<h3 class=\"GospelCommentaryAuthor-name commentary-author font-2\">Saint Jean-Paul II (1920-2005)<\/h3>\n<p>&nbsp;<\/p>\n<p>&nbsp;<\/p>\n<p>&nbsp;<\/p>\n","protected":false},"excerpt":{"rendered":"<p>Depuis le commencement de la mission du Christ, la femme montre \u00e0 son \u00e9gard et \u00e0 l&rsquo;\u00e9gard de tout son myst\u00e8re une sensibilit\u00e9 particuli\u00e8re qui correspond \u00e0 l&rsquo;une des caract\u00e9ristiques de sa f\u00e9minit\u00e9. Il convient de relever en outre que cela est confirm\u00e9 particuli\u00e8rement face au myst\u00e8re pascal, non seulement au moment de la crucifixion, [&hellip;]<\/p>\n","protected":false},"author":2,"featured_media":0,"comment_status":"closed","ping_status":"closed","sticky":false,"template":"","format":"standard","meta":{"footnotes":""},"categories":[13,1261],"tags":[305,404,1253],"class_list":["post-22110","post","type-post","status-publish","format-standard","hentry","category-ecritures","category-enseignement-2","tag-disciples","tag-femmes","tag-st-jean-paul-2"],"_links":{"self":[{"href":"https:\/\/www.associationdemarie.org\/blog\/wp-json\/wp\/v2\/posts\/22110","targetHints":{"allow":["GET"]}}],"collection":[{"href":"https:\/\/www.associationdemarie.org\/blog\/wp-json\/wp\/v2\/posts"}],"about":[{"href":"https:\/\/www.associationdemarie.org\/blog\/wp-json\/wp\/v2\/types\/post"}],"author":[{"embeddable":true,"href":"https:\/\/www.associationdemarie.org\/blog\/wp-json\/wp\/v2\/users\/2"}],"replies":[{"embeddable":true,"href":"https:\/\/www.associationdemarie.org\/blog\/wp-json\/wp\/v2\/comments?post=22110"}],"version-history":[{"count":2,"href":"https:\/\/www.associationdemarie.org\/blog\/wp-json\/wp\/v2\/posts\/22110\/revisions"}],"predecessor-version":[{"id":22113,"href":"https:\/\/www.associationdemarie.org\/blog\/wp-json\/wp\/v2\/posts\/22110\/revisions\/22113"}],"wp:attachment":[{"href":"https:\/\/www.associationdemarie.org\/blog\/wp-json\/wp\/v2\/media?parent=22110"}],"wp:term":[{"taxonomy":"category","embeddable":true,"href":"https:\/\/www.associationdemarie.org\/blog\/wp-json\/wp\/v2\/categories?post=22110"},{"taxonomy":"post_tag","embeddable":true,"href":"https:\/\/www.associationdemarie.org\/blog\/wp-json\/wp\/v2\/tags?post=22110"}],"curies":[{"name":"wp","href":"https:\/\/api.w.org\/{rel}","templated":true}]}}