{"id":22095,"date":"2022-09-12T01:37:44","date_gmt":"2022-09-12T00:37:44","guid":{"rendered":"http:\/\/www.associationdemarie.org\/blog\/?p=22095"},"modified":"2022-08-22T07:39:31","modified_gmt":"2022-08-22T06:39:31","slug":"je-ne-suis-pas-digne-de-te-recevoir","status":"publish","type":"post","link":"https:\/\/www.associationdemarie.org\/blog\/je-ne-suis-pas-digne-de-te-recevoir\/","title":{"rendered":"\u00ab Je ne suis pas digne de te recevoir. \u00bb"},"content":{"rendered":"<p><img loading=\"lazy\" decoding=\"async\" class=\"aligncenter  wp-image-22096\" src=\"https:\/\/www.associationdemarie.org\/blog\/wp-content\/uploads\/2022\/08\/12-09.jpg\" alt=\"\" width=\"463\" height=\"277\" srcset=\"https:\/\/www.associationdemarie.org\/blog\/wp-content\/uploads\/2022\/08\/12-09.jpg 1024w, https:\/\/www.associationdemarie.org\/blog\/wp-content\/uploads\/2022\/08\/12-09-300x180.jpg 300w, https:\/\/www.associationdemarie.org\/blog\/wp-content\/uploads\/2022\/08\/12-09-768x460.jpg 768w\" sizes=\"auto, (max-width: 463px) 100vw, 463px\" \/><\/p>\n<p>Dans l&rsquo;amour qu&rsquo;est Dieu, je supplie tous mes fr\u00e8res \u2014 ceux qui pr\u00eachent, ceux qui prient, ceux qui travaillent manuellement, clercs et la\u00efcs \u2014 de s&rsquo;appliquer \u00e0 l&rsquo;humilit\u00e9 en tout : de ne pas se glorifier, trouver sa joie ou s&rsquo;enorgueillir int\u00e9rieurement des bonnes paroles et des bonnes actions que Dieu dit ou accomplit parfois en eux ou par eux. Selon la parole du Seigneur : \u00ab Ne vous r\u00e9jouissez pas de ce que les esprits mauvais vous sont soumis \u00bb (Lc 10,20). Soyons-en fermement convaincus : nous n&rsquo;avons \u00e0 nous que les fautes et les p\u00e9ch\u00e9s. R\u00e9jouissons-nous plut\u00f4t dans les \u00e9preuves lorsque nous avons \u00e0 supporter, dans notre \u00e2me et dans notre corps, toutes sortes d&rsquo;angoisses et de tribulations en ce monde pour la vie \u00e9ternelle.<\/p>\n<p>Fr\u00e8res, gardons-nous donc de tout orgueil et de toute vaine gloire ; gardons-nous de la sagesse de ce monde et de la prudence \u00e9go\u00efste. Celui qui est esclave de ses tendances \u00e9go\u00efstes met beaucoup d&rsquo;application \u00e0 tenir des discours, mais beaucoup moins \u00e0 passer aux actes. Au lieu de rechercher la religion et la saintet\u00e9 int\u00e9rieures de l&rsquo;esprit, il d\u00e9sire une religion et une saintet\u00e9 ext\u00e9rieures bien visibles aux yeux des hommes. C&rsquo;est d&rsquo;eux que le Seigneur dit : \u00ab Je vous le dis en v\u00e9rit\u00e9, ils ont re\u00e7u leur r\u00e9compense \u00bb (Mt 6,2). Celui, au contraire, qui est docile \u00e0 l&rsquo;esprit du Seigneur veut mortifier et humilier ce qui est \u00e9go\u00efste, vil et abject dans cette chair. Il s&rsquo;applique \u00e0 l&rsquo;humilit\u00e9 et \u00e0 la patience, \u00e0 la pure simplicit\u00e9 et \u00e0 la paix v\u00e9ritable de l&rsquo;esprit ; ce qu&rsquo;il d\u00e9sire toujours et par-dessus tout, c&rsquo;est la crainte filiale de Dieu, la sagesse de Dieu, et l&rsquo;amour de Dieu, P\u00e8re, Fils et Saint Esprit.<\/p>\n<h3 class=\"GospelCommentaryAuthor-name commentary-author font-2\">Saint Fran\u00e7ois d&rsquo;Assise (1182-1226)<\/h3>\n<p>&nbsp;<\/p>\n<p>&nbsp;<\/p>\n","protected":false},"excerpt":{"rendered":"<p>Dans l&rsquo;amour qu&rsquo;est Dieu, je supplie tous mes fr\u00e8res \u2014 ceux qui pr\u00eachent, ceux qui prient, ceux qui travaillent manuellement, clercs et la\u00efcs \u2014 de s&rsquo;appliquer \u00e0 l&rsquo;humilit\u00e9 en tout : de ne pas se glorifier, trouver sa joie ou s&rsquo;enorgueillir int\u00e9rieurement des bonnes paroles et des bonnes actions que Dieu dit ou accomplit parfois [&hellip;]<\/p>\n","protected":false},"author":2,"featured_media":0,"comment_status":"closed","ping_status":"closed","sticky":false,"template":"","format":"standard","meta":{"footnotes":""},"categories":[13,1261],"tags":[487,976,1030],"class_list":["post-22095","post","type-post","status-publish","format-standard","hentry","category-ecritures","category-enseignement-2","tag-humilite","tag-service","tag-st-francois-dassise"],"_links":{"self":[{"href":"https:\/\/www.associationdemarie.org\/blog\/wp-json\/wp\/v2\/posts\/22095","targetHints":{"allow":["GET"]}}],"collection":[{"href":"https:\/\/www.associationdemarie.org\/blog\/wp-json\/wp\/v2\/posts"}],"about":[{"href":"https:\/\/www.associationdemarie.org\/blog\/wp-json\/wp\/v2\/types\/post"}],"author":[{"embeddable":true,"href":"https:\/\/www.associationdemarie.org\/blog\/wp-json\/wp\/v2\/users\/2"}],"replies":[{"embeddable":true,"href":"https:\/\/www.associationdemarie.org\/blog\/wp-json\/wp\/v2\/comments?post=22095"}],"version-history":[{"count":1,"href":"https:\/\/www.associationdemarie.org\/blog\/wp-json\/wp\/v2\/posts\/22095\/revisions"}],"predecessor-version":[{"id":22097,"href":"https:\/\/www.associationdemarie.org\/blog\/wp-json\/wp\/v2\/posts\/22095\/revisions\/22097"}],"wp:attachment":[{"href":"https:\/\/www.associationdemarie.org\/blog\/wp-json\/wp\/v2\/media?parent=22095"}],"wp:term":[{"taxonomy":"category","embeddable":true,"href":"https:\/\/www.associationdemarie.org\/blog\/wp-json\/wp\/v2\/categories?post=22095"},{"taxonomy":"post_tag","embeddable":true,"href":"https:\/\/www.associationdemarie.org\/blog\/wp-json\/wp\/v2\/tags?post=22095"}],"curies":[{"name":"wp","href":"https:\/\/api.w.org\/{rel}","templated":true}]}}