{"id":22092,"date":"2022-09-11T01:13:34","date_gmt":"2022-09-11T00:13:34","guid":{"rendered":"http:\/\/www.associationdemarie.org\/blog\/?p=22092"},"modified":"2022-08-21T07:15:23","modified_gmt":"2022-08-21T06:15:23","slug":"reveille-toi-toi-qui-dors-releve-toi-dentre-les-morts-ep-514","status":"publish","type":"post","link":"https:\/\/www.associationdemarie.org\/blog\/reveille-toi-toi-qui-dors-releve-toi-dentre-les-morts-ep-514\/","title":{"rendered":"\u00ab R\u00e9veille-toi, toi qui dors ; rel\u00e8ve-toi d\u2019entre les morts. \u00bb (Ep 5,14)"},"content":{"rendered":"<p><img loading=\"lazy\" decoding=\"async\" class=\"aligncenter  wp-image-22093\" src=\"https:\/\/www.associationdemarie.org\/blog\/wp-content\/uploads\/2022\/08\/11-09.jpg\" alt=\"\" width=\"442\" height=\"263\" srcset=\"https:\/\/www.associationdemarie.org\/blog\/wp-content\/uploads\/2022\/08\/11-09.jpg 1119w, https:\/\/www.associationdemarie.org\/blog\/wp-content\/uploads\/2022\/08\/11-09-300x179.jpg 300w, https:\/\/www.associationdemarie.org\/blog\/wp-content\/uploads\/2022\/08\/11-09-768x458.jpg 768w, https:\/\/www.associationdemarie.org\/blog\/wp-content\/uploads\/2022\/08\/11-09-1024x610.jpg 1024w\" sizes=\"auto, (max-width: 442px) 100vw, 442px\" \/><\/p>\n<p>\u00ab J&rsquo;irai trouver mon p\u00e8re, et je lui dirai : \u2018P\u00e8re, j&rsquo;ai p\u00e9ch\u00e9 contre le ciel et contre toi.\u2019&rsquo; \u00bb Tel est notre premier aveu, au Cr\u00e9ateur, au ma\u00eetre de la mis\u00e9ricorde, au juge de la faute. Bien qu&rsquo;il connaisse tout, Dieu attend l&rsquo;expression de notre aveu ; car \u00ab la confession des l\u00e8vres obtient le salut \u00bb (Rm 10,10). (\u2026)<\/p>\n<p>Voil\u00e0 ce que se disait le fils cadet ; mais ce n&rsquo;est pas assez de parler, si tu ne viens pas au P\u00e8re. O\u00f9 le chercher, o\u00f9 le trouver ? \u00ab Il se leva. \u00bb L\u00e8ve-toi d&rsquo;abord, toi qui jusqu&rsquo;ici \u00e9tais assis et endormi. Voil\u00e0 ce que dit l&rsquo;ap\u00f4tre Paul : \u00ab Debout, toi qui dors, l\u00e8ve-toi d&rsquo;entre les morts \u00bb (Ep 5,14). (\u2026) Debout donc, cours \u00e0 l&rsquo;\u00c9glise : l\u00e0 est le P\u00e8re, l\u00e0 est le Fils, l\u00e0 est l&rsquo;Esprit Saint. Celui qui t&rsquo;entend parler dans le secret de ton \u00e2me vient \u00e0 ta rencontre ; et quand tu es encore loin, il te voit et il accourt. Il voit dans ton c\u0153ur ; il accourt, pour que personne ne te retarde ; il t&#8217;embrasse aussi. (\u2026) Il se jette \u00e0 ton cou pour te relever, toi qui gisais charg\u00e9 de p\u00e9ch\u00e9s, tourn\u00e9 vers la terre ; il te retourne vers le ciel pour que tu puisses y chercher ton Cr\u00e9ateur. Le Christ se jette \u00e0 ton cou, pour d\u00e9gager ta nuque du joug de l&rsquo;esclavage et y suspendre son joug de douceur. (\u2026) Il se jette \u00e0 ton cou, lorsqu&rsquo;il dit : \u00ab Venez \u00e0 moi, vous tous qui peinez sous le poids du fardeau, et je vous r\u00e9conforterai ; prenez sur vous mon joug \u00bb (Mt 11,28). Telle est la mani\u00e8re dont il t&rsquo;\u00e9treint, si tu te convertis.<\/p>\n<p>Et il fait apporter une robe, un anneau, des chaussures. La robe est le v\u00eatement de la sagesse (\u2026), l&rsquo;habillement spirituel et le v\u00eatement des noces. L&rsquo;anneau est-il autre chose que le sceau d&rsquo;une foi sinc\u00e8re et l&#8217;empreinte de la v\u00e9rit\u00e9 ? Quant aux chaussures, c&rsquo;est la pr\u00e9dication de la Bonne Nouvelle.<\/p>\n<h3 class=\"GospelCommentaryAuthor-name commentary-author font-2\">Saint Ambroise (v. 340-397)<\/h3>\n<p>&nbsp;<\/p>\n<p>&nbsp;<\/p>\n<p>&nbsp;<\/p>\n","protected":false},"excerpt":{"rendered":"<p>\u00ab J&rsquo;irai trouver mon p\u00e8re, et je lui dirai : \u2018P\u00e8re, j&rsquo;ai p\u00e9ch\u00e9 contre le ciel et contre toi.\u2019&rsquo; \u00bb Tel est notre premier aveu, au Cr\u00e9ateur, au ma\u00eetre de la mis\u00e9ricorde, au juge de la faute. Bien qu&rsquo;il connaisse tout, Dieu attend l&rsquo;expression de notre aveu ; car \u00ab la confession des l\u00e8vres obtient [&hellip;]<\/p>\n","protected":false},"author":2,"featured_media":0,"comment_status":"closed","ping_status":"closed","sticky":false,"template":"","format":"standard","meta":{"footnotes":""},"categories":[13,1261],"tags":[261,1007],"class_list":["post-22092","post","type-post","status-publish","format-standard","hentry","category-ecritures","category-enseignement-2","tag-conversion","tag-st-ambroise"],"_links":{"self":[{"href":"https:\/\/www.associationdemarie.org\/blog\/wp-json\/wp\/v2\/posts\/22092","targetHints":{"allow":["GET"]}}],"collection":[{"href":"https:\/\/www.associationdemarie.org\/blog\/wp-json\/wp\/v2\/posts"}],"about":[{"href":"https:\/\/www.associationdemarie.org\/blog\/wp-json\/wp\/v2\/types\/post"}],"author":[{"embeddable":true,"href":"https:\/\/www.associationdemarie.org\/blog\/wp-json\/wp\/v2\/users\/2"}],"replies":[{"embeddable":true,"href":"https:\/\/www.associationdemarie.org\/blog\/wp-json\/wp\/v2\/comments?post=22092"}],"version-history":[{"count":1,"href":"https:\/\/www.associationdemarie.org\/blog\/wp-json\/wp\/v2\/posts\/22092\/revisions"}],"predecessor-version":[{"id":22094,"href":"https:\/\/www.associationdemarie.org\/blog\/wp-json\/wp\/v2\/posts\/22092\/revisions\/22094"}],"wp:attachment":[{"href":"https:\/\/www.associationdemarie.org\/blog\/wp-json\/wp\/v2\/media?parent=22092"}],"wp:term":[{"taxonomy":"category","embeddable":true,"href":"https:\/\/www.associationdemarie.org\/blog\/wp-json\/wp\/v2\/categories?post=22092"},{"taxonomy":"post_tag","embeddable":true,"href":"https:\/\/www.associationdemarie.org\/blog\/wp-json\/wp\/v2\/tags?post=22092"}],"curies":[{"name":"wp","href":"https:\/\/api.w.org\/{rel}","templated":true}]}}