{"id":2203,"date":"2011-01-15T01:13:16","date_gmt":"2011-01-15T01:13:16","guid":{"rendered":"http:\/\/preprod.meltem-int.com\/marie\/blog\/?p=2203"},"modified":"2011-01-15T01:13:16","modified_gmt":"2011-01-15T01:13:16","slug":"saint","status":"publish","type":"post","link":"https:\/\/www.associationdemarie.org\/blog\/saint\/","title":{"rendered":"Saint"},"content":{"rendered":"<h2>Beno\u00eet XVI a valid\u00e9 la b\u00e9atification de son pr\u00e9d\u00e9cesseur, qui interviendra trente-trois ans apr\u00e8s l&rsquo;\u00e9lection papale de Jean-Paul II et six ans apr\u00e8s sa mort.<\/h2>\n<p>Jean-Paul II sera bien b\u00e9atifi\u00e9 au cours d&rsquo;une c\u00e9r\u00e9monie qui aura lieu le <strong>1er mai 2011<\/strong>. Beno\u00eet XVI a en effet valid\u00e9 un miracle attribu\u00e9 \u00e0 son pr\u00e9decesseur, levant ainsi le dernier obstacle qui s&rsquo;opposait encore \u00e0 cette reconnaissance.<\/p>\n<p><a href=\"https:\/\/www.associationdemarie.org\/blog\/wp-content\/uploads\/2011\/01\/Jean-Paul-21.jpg\"><img loading=\"lazy\" decoding=\"async\" class=\"aligncenter size-medium wp-image-2204\" title=\"Jean Paul 2\" src=\"https:\/\/www.associationdemarie.org\/blog\/wp-content\/uploads\/2011\/01\/Jean-Paul-21-300x300.jpg\" alt=\"\" width=\"300\" height=\"300\" srcset=\"https:\/\/www.associationdemarie.org\/blog\/wp-content\/uploads\/2011\/01\/Jean-Paul-21-300x300.jpg 300w, https:\/\/www.associationdemarie.org\/blog\/wp-content\/uploads\/2011\/01\/Jean-Paul-21-150x150.jpg 150w, https:\/\/www.associationdemarie.org\/blog\/wp-content\/uploads\/2011\/01\/Jean-Paul-21.jpg 335w\" sizes=\"auto, (max-width: 300px) 100vw, 300px\" \/><\/a><\/p>\n<p>\u00ab\u00a0Priez, Priez, Priez. Le monde en a besoin.\u00a0Priez pour le plus grand de ses fils Jean Paul II.\u00a0Merci de m\u2019\u00e9couter.\u00a0\u00bb<\/p>\n<p>Marie M\u00e8re des hommes &#8211; septembre 1997<\/p>\n<p><span style=\"color: #ffffff;\">.<\/span><\/p>\n<p><span style=\"color: #ffffff;\">.<\/span><\/p>\n","protected":false},"excerpt":{"rendered":"<p>Beno\u00eet XVI a valid\u00e9 la b\u00e9atification de son pr\u00e9d\u00e9cesseur, qui interviendra trente-trois ans apr\u00e8s l&rsquo;\u00e9lection papale de Jean-Paul II et six ans apr\u00e8s sa mort. Jean-Paul II sera bien b\u00e9atifi\u00e9 au cours d&rsquo;une c\u00e9r\u00e9monie qui aura lieu le 1er mai 2011. Beno\u00eet XVI a en effet valid\u00e9 un miracle attribu\u00e9 \u00e0 son pr\u00e9decesseur, levant ainsi [&hellip;]<\/p>\n","protected":false},"author":2,"featured_media":0,"comment_status":"closed","ping_status":"closed","sticky":false,"template":"","format":"standard","meta":{"footnotes":""},"categories":[2,28],"tags":[39,136,525,923],"class_list":["post-2203","post","type-post","status-publish","format-standard","hentry","category-actualites","category-saints-et-saintes","tag-actualite","tag-beatification","tag-jean-paul-2","tag-saint"],"_links":{"self":[{"href":"https:\/\/www.associationdemarie.org\/blog\/wp-json\/wp\/v2\/posts\/2203","targetHints":{"allow":["GET"]}}],"collection":[{"href":"https:\/\/www.associationdemarie.org\/blog\/wp-json\/wp\/v2\/posts"}],"about":[{"href":"https:\/\/www.associationdemarie.org\/blog\/wp-json\/wp\/v2\/types\/post"}],"author":[{"embeddable":true,"href":"https:\/\/www.associationdemarie.org\/blog\/wp-json\/wp\/v2\/users\/2"}],"replies":[{"embeddable":true,"href":"https:\/\/www.associationdemarie.org\/blog\/wp-json\/wp\/v2\/comments?post=2203"}],"version-history":[{"count":0,"href":"https:\/\/www.associationdemarie.org\/blog\/wp-json\/wp\/v2\/posts\/2203\/revisions"}],"wp:attachment":[{"href":"https:\/\/www.associationdemarie.org\/blog\/wp-json\/wp\/v2\/media?parent=2203"}],"wp:term":[{"taxonomy":"category","embeddable":true,"href":"https:\/\/www.associationdemarie.org\/blog\/wp-json\/wp\/v2\/categories?post=2203"},{"taxonomy":"post_tag","embeddable":true,"href":"https:\/\/www.associationdemarie.org\/blog\/wp-json\/wp\/v2\/tags?post=2203"}],"curies":[{"name":"wp","href":"https:\/\/api.w.org\/{rel}","templated":true}]}}