{"id":22006,"date":"2022-08-17T01:07:47","date_gmt":"2022-08-17T00:07:47","guid":{"rendered":"http:\/\/www.associationdemarie.org\/blog\/?p=22006"},"modified":"2022-07-27T06:10:08","modified_gmt":"2022-07-27T05:10:08","slug":"les-ouvriers-de-la-vigne-du-seigneur-2","status":"publish","type":"post","link":"https:\/\/www.associationdemarie.org\/blog\/les-ouvriers-de-la-vigne-du-seigneur-2\/","title":{"rendered":"Les ouvriers de la vigne du Seigneur"},"content":{"rendered":"<p><img loading=\"lazy\" decoding=\"async\" class=\"aligncenter  wp-image-22007\" src=\"https:\/\/www.associationdemarie.org\/blog\/wp-content\/uploads\/2022\/07\/17-08-fruit-disciple.jpg\" alt=\"\" width=\"505\" height=\"345\" srcset=\"https:\/\/www.associationdemarie.org\/blog\/wp-content\/uploads\/2022\/07\/17-08-fruit-disciple.jpg 515w, https:\/\/www.associationdemarie.org\/blog\/wp-content\/uploads\/2022\/07\/17-08-fruit-disciple-300x205.jpg 300w\" sizes=\"auto, (max-width: 505px) 100vw, 505px\" \/><\/p>\n<p>Le Royaume des cieux est compar\u00e9 \u00e0 un p\u00e8re de famille qui embauche des ouvriers pour cultiver sa vigne. Or qui peut \u00eatre plus justement compar\u00e9 \u00e0 ce p\u00e8re de famille que notre Cr\u00e9ateur, qui gouverne ceux qu&rsquo;il a cr\u00e9\u00e9s, et exerce en ce monde le droit de propri\u00e9t\u00e9 sur ses \u00e9lus comme un ma\u00eetre sur les serviteurs qu&rsquo;il a chez lui ? Il poss\u00e8de une vigne, l&rsquo;\u00c9glise universelle, qui a pouss\u00e9, pour ainsi dire, autant de sarments qu&rsquo;elle a produit de saints, depuis Abel le juste jusqu&rsquo;au dernier \u00e9lu qui na\u00eetra \u00e0 la fin du monde.<\/p>\n<p>Ce P\u00e8re de famille embauche des ouvriers pour cultiver sa vigne, d\u00e8s le point du jour, \u00e0 la troisi\u00e8me heure, \u00e0 la sixi\u00e8me, \u00e0 la neuvi\u00e8me et \u00e0 la onzi\u00e8me heure, puisqu&rsquo;il n&rsquo;a pas cess\u00e9, du commencement du monde jusqu&rsquo;\u00e0 la fin, de r\u00e9unir des pr\u00e9dicateurs pour instruire la foule des fid\u00e8les. Le point du jour, pour le monde, c&rsquo;\u00e9tait d&rsquo;Adam \u00e0 No\u00e9 ; la troisi\u00e8me heure, de No\u00e9 \u00e0 Abraham ; la sixi\u00e8me, d&rsquo;Abraham \u00e0 Mo\u00efse ; la neuvi\u00e8me, de Mo\u00efse jusqu&rsquo;\u00e0 la venue du Seigneur ; et la onzi\u00e8me heure, de la venue du Seigneur jusqu&rsquo;\u00e0 la fin du monde. Les saints ap\u00f4tres ont \u00e9t\u00e9 envoy\u00e9s pour pr\u00eacher en cette derni\u00e8re heure, et bien que tard venus, ils ont re\u00e7u un plein salaire.<\/p>\n<p>Le Seigneur ne cesse donc en aucun temps d&rsquo;envoyer des ouvriers pour cultiver sa vigne, c&rsquo;est-\u00e0-dire pour enseigner son peuple. Car tandis qu&rsquo;il faisait fructifier les bonnes m\u0153urs de son peuple par les patriarches, puis par les docteurs de la Loi et les proph\u00e8tes, enfin par les ap\u00f4tres, il travaillait, en quelque sorte, \u00e0 cultiver sa vigne par l&rsquo;entremise de ses ouvriers. Tous ceux qui, \u00e0 une foi droite, ont joint les bonnes \u0153uvres ont \u00e9t\u00e9 les ouvriers de cette vigne.<\/p>\n<h3 class=\"GospelCommentaryAuthor-name commentary-author font-2\">Saint Gr\u00e9goire le Grand (v. 540-604)<\/h3>\n<p>&nbsp;<\/p>\n<p>&nbsp;<\/p>\n<p>&nbsp;<\/p>\n","protected":false},"excerpt":{"rendered":"<p>Le Royaume des cieux est compar\u00e9 \u00e0 un p\u00e8re de famille qui embauche des ouvriers pour cultiver sa vigne. Or qui peut \u00eatre plus justement compar\u00e9 \u00e0 ce p\u00e8re de famille que notre Cr\u00e9ateur, qui gouverne ceux qu&rsquo;il a cr\u00e9\u00e9s, et exerce en ce monde le droit de propri\u00e9t\u00e9 sur ses \u00e9lus comme un ma\u00eetre [&hellip;]<\/p>\n","protected":false},"author":2,"featured_media":0,"comment_status":"closed","ping_status":"closed","sticky":false,"template":"","format":"standard","meta":{"footnotes":""},"categories":[16],"tags":[305,748,842,907,1488,1190],"class_list":["post-22006","post","type-post","status-publish","format-standard","hentry","category-jardins-de-la-bible","tag-disciples","tag-ouvriers","tag-prophetes","tag-royaume-des-cieux","tag-st-gregoire-le-grand","tag-vigne"],"_links":{"self":[{"href":"https:\/\/www.associationdemarie.org\/blog\/wp-json\/wp\/v2\/posts\/22006","targetHints":{"allow":["GET"]}}],"collection":[{"href":"https:\/\/www.associationdemarie.org\/blog\/wp-json\/wp\/v2\/posts"}],"about":[{"href":"https:\/\/www.associationdemarie.org\/blog\/wp-json\/wp\/v2\/types\/post"}],"author":[{"embeddable":true,"href":"https:\/\/www.associationdemarie.org\/blog\/wp-json\/wp\/v2\/users\/2"}],"replies":[{"embeddable":true,"href":"https:\/\/www.associationdemarie.org\/blog\/wp-json\/wp\/v2\/comments?post=22006"}],"version-history":[{"count":2,"href":"https:\/\/www.associationdemarie.org\/blog\/wp-json\/wp\/v2\/posts\/22006\/revisions"}],"predecessor-version":[{"id":22009,"href":"https:\/\/www.associationdemarie.org\/blog\/wp-json\/wp\/v2\/posts\/22006\/revisions\/22009"}],"wp:attachment":[{"href":"https:\/\/www.associationdemarie.org\/blog\/wp-json\/wp\/v2\/media?parent=22006"}],"wp:term":[{"taxonomy":"category","embeddable":true,"href":"https:\/\/www.associationdemarie.org\/blog\/wp-json\/wp\/v2\/categories?post=22006"},{"taxonomy":"post_tag","embeddable":true,"href":"https:\/\/www.associationdemarie.org\/blog\/wp-json\/wp\/v2\/tags?post=22006"}],"curies":[{"name":"wp","href":"https:\/\/api.w.org\/{rel}","templated":true}]}}