{"id":21952,"date":"2022-08-09T01:06:47","date_gmt":"2022-08-09T00:06:47","guid":{"rendered":"http:\/\/www.associationdemarie.org\/blog\/?p=21952"},"modified":"2022-07-19T16:08:54","modified_gmt":"2022-07-19T15:08:54","slug":"fete-de-sainte-therese-benedicte-de-la-croix-edith-stein-vierge-et-martyre-copatronne-de-leurope-4","status":"publish","type":"post","link":"https:\/\/www.associationdemarie.org\/blog\/fete-de-sainte-therese-benedicte-de-la-croix-edith-stein-vierge-et-martyre-copatronne-de-leurope-4\/","title":{"rendered":"F\u00eate de sainte Th\u00e9r\u00e8se-B\u00e9n\u00e9dicte de la Croix (\u00c9dith Stein), vierge et martyre, copatronne de l&rsquo;Europe"},"content":{"rendered":"<p><img loading=\"lazy\" decoding=\"async\" class=\"aligncenter  wp-image-21953\" src=\"https:\/\/www.associationdemarie.org\/blog\/wp-content\/uploads\/2022\/07\/9-08.jpg\" alt=\"\" width=\"434\" height=\"509\" srcset=\"https:\/\/www.associationdemarie.org\/blog\/wp-content\/uploads\/2022\/07\/9-08.jpg 325w, https:\/\/www.associationdemarie.org\/blog\/wp-content\/uploads\/2022\/07\/9-08-256x300.jpg 256w\" sizes=\"auto, (max-width: 434px) 100vw, 434px\" \/><\/p>\n<p>L&rsquo;amour du Christ a \u00e9t\u00e9 le feu qui a embras\u00e9 la vie de Th\u00e9r\u00e8se B\u00e9n\u00e9dicte de la Croix. Avant m\u00eame de s&rsquo;en rendre compte, elle en a \u00e9t\u00e9 totalement consum\u00e9e. Au d\u00e9but, son id\u00e9al a \u00e9t\u00e9 la libert\u00e9. Pendant longtemps, \u00c9dith Stein a v\u00e9cu l&rsquo;exp\u00e9rience de la recherche. Son esprit ne se lassait pas de chercher et son c\u0153ur d&rsquo;esp\u00e9rer. Elle a parcouru le chemin difficile de la philosophie avec une ardeur passionn\u00e9e et, \u00e0 la fin, elle a \u00e9t\u00e9 r\u00e9compens\u00e9e : elle a conquis la v\u00e9rit\u00e9, ou plut\u00f4t, elle a \u00e9t\u00e9 conquise. En effet, elle a d\u00e9couvert que la v\u00e9rit\u00e9 portait un nom : J\u00e9sus Christ. \u00c0 partir de ce moment, le Verbe incarn\u00e9 a \u00e9t\u00e9 tout pour elle. Consid\u00e9rant cette p\u00e9riode de sa vie d&rsquo;un point de vue de carm\u00e9lite, elle \u00e9crivait \u00e0 une b\u00e9n\u00e9dictine : \u00ab Consciemment ou inconsciemment, qui cherche la v\u00e9rit\u00e9 cherche Dieu \u00bb.<\/p>\n<p>Bien qu&rsquo;elle ait \u00e9t\u00e9 \u00e9lev\u00e9e dans la religion juive de sa m\u00e8re, \u00c9dith Stein, \u00e0 quatorze ans, \u00ab avait librement d\u00e9cid\u00e9 d&rsquo;abandonner la pri\u00e8re \u00bb. Elle ne voulait compter que sur elle-m\u00eame, soucieuse d&rsquo;affirmer sa propre libert\u00e9 dans ses choix de vie. \u00c0 la fin d&rsquo;un long chemin, il lui a \u00e9t\u00e9 donn\u00e9 de parvenir \u00e0 une constatation surprenante : seul celui qui se lie \u00e0 l&rsquo;amour du Christ devient vraiment libre. L&rsquo;exp\u00e9rience de cette femme, qui a affront\u00e9 les d\u00e9fis d&rsquo;un si\u00e8cle tourment\u00e9 comme le n\u00f4tre, repr\u00e9sente un exemple pour nous : le monde moderne invite \u00e0 franchir la porte attrayante de la permissivit\u00e9, ignorant la porte \u00e9troite du discernement et du renoncement. C&rsquo;est pourquoi je m&rsquo;adresse sp\u00e9cialement \u00e0 vous, jeunes chr\u00e9tiens (&#8230;) : m\u00e9fiez-vous, gardez-vous de concevoir votre vie comme une porte ouverte \u00e0 tous les choix ! \u00c9coutez la voix de votre c\u0153ur ! Ne soyez pas superficiels, mais allez au fond des choses. Et lorsque le moment sera venu, ayez le courage de vous d\u00e9cider. Le Seigneur attend que vous placiez votre libert\u00e9 entre ses mains mis\u00e9ricordieuses.<\/p>\n<h3 class=\"GospelCommentaryAuthor-name commentary-author font-2\">Saint Jean-Paul II (1920-2005)<\/h3>\n<p>&nbsp;<\/p>\n<p>&nbsp;<\/p>\n<p>&nbsp;<\/p>\n","protected":false},"excerpt":{"rendered":"<p>L&rsquo;amour du Christ a \u00e9t\u00e9 le feu qui a embras\u00e9 la vie de Th\u00e9r\u00e8se B\u00e9n\u00e9dicte de la Croix. Avant m\u00eame de s&rsquo;en rendre compte, elle en a \u00e9t\u00e9 totalement consum\u00e9e. Au d\u00e9but, son id\u00e9al a \u00e9t\u00e9 la libert\u00e9. Pendant longtemps, \u00c9dith Stein a v\u00e9cu l&rsquo;exp\u00e9rience de la recherche. Son esprit ne se lassait pas de [&hellip;]<\/p>\n","protected":false},"author":2,"featured_media":0,"comment_status":"closed","ping_status":"closed","sticky":false,"template":"","format":"standard","meta":{"footnotes":""},"categories":[28],"tags":[386,923,1253,1108],"class_list":["post-21952","post","type-post","status-publish","format-standard","hentry","category-saints-et-saintes","tag-europe","tag-saint","tag-st-jean-paul-2","tag-ste-therese-benedicte-de-la-croix"],"_links":{"self":[{"href":"https:\/\/www.associationdemarie.org\/blog\/wp-json\/wp\/v2\/posts\/21952","targetHints":{"allow":["GET"]}}],"collection":[{"href":"https:\/\/www.associationdemarie.org\/blog\/wp-json\/wp\/v2\/posts"}],"about":[{"href":"https:\/\/www.associationdemarie.org\/blog\/wp-json\/wp\/v2\/types\/post"}],"author":[{"embeddable":true,"href":"https:\/\/www.associationdemarie.org\/blog\/wp-json\/wp\/v2\/users\/2"}],"replies":[{"embeddable":true,"href":"https:\/\/www.associationdemarie.org\/blog\/wp-json\/wp\/v2\/comments?post=21952"}],"version-history":[{"count":1,"href":"https:\/\/www.associationdemarie.org\/blog\/wp-json\/wp\/v2\/posts\/21952\/revisions"}],"predecessor-version":[{"id":21954,"href":"https:\/\/www.associationdemarie.org\/blog\/wp-json\/wp\/v2\/posts\/21952\/revisions\/21954"}],"wp:attachment":[{"href":"https:\/\/www.associationdemarie.org\/blog\/wp-json\/wp\/v2\/media?parent=21952"}],"wp:term":[{"taxonomy":"category","embeddable":true,"href":"https:\/\/www.associationdemarie.org\/blog\/wp-json\/wp\/v2\/categories?post=21952"},{"taxonomy":"post_tag","embeddable":true,"href":"https:\/\/www.associationdemarie.org\/blog\/wp-json\/wp\/v2\/tags?post=21952"}],"curies":[{"name":"wp","href":"https:\/\/api.w.org\/{rel}","templated":true}]}}