{"id":2190,"date":"2011-01-19T01:44:03","date_gmt":"2011-01-19T01:44:03","guid":{"rendered":"http:\/\/preprod.meltem-int.com\/marie\/blog\/?p=2190"},"modified":"2011-01-19T01:44:03","modified_gmt":"2011-01-19T01:44:03","slug":"prophetie","status":"publish","type":"post","link":"https:\/\/www.associationdemarie.org\/blog\/prophetie\/","title":{"rendered":"Proph\u00e9tie"},"content":{"rendered":"<p><a href=\"https:\/\/www.associationdemarie.org\/blog\/wp-content\/uploads\/2011\/01\/St-Jean.jpeg\"><img loading=\"lazy\" decoding=\"async\" class=\"alignleft size-thumbnail wp-image-2191\" title=\"St Jean\" src=\"https:\/\/www.associationdemarie.org\/blog\/wp-content\/uploads\/2011\/01\/St-Jean-150x150.jpg\" alt=\"\" width=\"150\" height=\"150\" \/><\/a>La proph\u00e9tie visionnaire de St Jean de J\u00e9rusalem d\u00e9crit les temps pr\u00e9sents avec une fascinante acuit\u00e9&#8230;<br \/>\nElle aurait \u00e9t\u00e9 \u00e9crite en 1099 par Jean de J\u00e9rusalem (ou Jean de Vezelay), l&rsquo;un des 8 fondateurs de l&rsquo;Ordre des Templiers.<\/p>\n<p>Jean de J\u00e9rusalem \u00e9tait un moine-chevalier faisant partie des huit fondateurs de l&rsquo;ordre du temple. Mais il fut \u00e9galement un tr\u00e8s grand visionnaire. Le manuscrit de son \u00ab\u00a0livre des proph\u00e9ties\u00a0\u00bb se transmis de g\u00e9n\u00e9ration en g\u00e9n\u00e9ration par une longue cha\u00eene d&rsquo;inti\u00e9s, jusqu&rsquo;\u00e0 ce qu&rsquo;il fut d\u00e9couvert dans une synagogue de Varsovie en 1941 par les nazis. Apr\u00e8s la guerre, il \u00e9choua dans les archives du KGB o\u00f9 le professeur Galvieski le retrouva enfin.<\/p>\n<p><strong><em>La premi\u00e8re partie de la proph\u00e9tie est une sombre pr\u00e9diction pour la p\u00e9riode de l&rsquo;an 2000, \u00ab\u00a0l&rsquo;An Mille qui vient apr\u00e8s l&rsquo;An Mille\u00a0\u00bb.<\/em><\/strong><\/p>\n<p><strong><em> <\/em><\/strong><\/p>\n<p><strong><em>A l&rsquo;inverse, la deuxi\u00e8me partie de la proph\u00e9tie annonce une \u00e8re nouvelle et pleine d&rsquo;espoir, \u00ab\u00a0lorsque ce sera le plein de l&rsquo;An Mille qui vient apr\u00e8s l&rsquo;An Mille\u00a0\u00bb&#8230; En voici un extrait&#8230;<\/em><\/strong><\/p>\n<p><strong>35<br \/>\nLorsque ce sera le plein de l&rsquo;An Mille qui vient apr\u00e8s l&rsquo;An Mille<br \/>\nL&rsquo;homme ne sera plus le seul souverain car la femme viendra saisir le sceptre<br \/>\nElle sera la grande ma\u00eetresse des temps futurs<br \/>\nEt ce qu&rsquo;elle pensera elle l&rsquo;imposera aux hommes<br \/>\nElle sera la m\u00e8re de cet An Mille qui vient apr\u00e8s l&rsquo;An Mille<\/strong><\/p>\n<p><strong> <\/strong><\/p>\n<p><strong>Elle r\u00e9pandra la douceur ti\u00e8de de la m\u00e8re apr\u00e8s les jours du Diable<br \/>\nElles sera la beaut\u00e9 apr\u00e8s la laideur des temps barbares<br \/>\nL&rsquo;An Mille qui vient apr\u00e8s l&rsquo;An Mille se changera en temps l\u00e9ger<br \/>\nOn aimera et on partagera<br \/>\nOn r\u00eavera et on enfantera les r\u00eaves<\/strong><\/p>\n<p><strong><span style=\"color: #ffffff;\">.<\/span><\/strong><\/p>\n<p><strong><span style=\"color: #ffffff;\">.<\/span><\/strong><\/p>\n","protected":false},"excerpt":{"rendered":"<p>La proph\u00e9tie visionnaire de St Jean de J\u00e9rusalem d\u00e9crit les temps pr\u00e9sents avec une fascinante acuit\u00e9&#8230; Elle aurait \u00e9t\u00e9 \u00e9crite en 1099 par Jean de J\u00e9rusalem (ou Jean de Vezelay), l&rsquo;un des 8 fondateurs de l&rsquo;Ordre des Templiers. Jean de J\u00e9rusalem \u00e9tait un moine-chevalier faisant partie des huit fondateurs de l&rsquo;ordre du temple. Mais il [&hellip;]<\/p>\n","protected":false},"author":2,"featured_media":0,"comment_status":"closed","ping_status":"closed","sticky":false,"template":"","format":"standard","meta":{"footnotes":""},"categories":[19],"tags":[66,402,843,1045],"class_list":["post-2190","post","type-post","status-publish","format-standard","hentry","category-messages","tag-an-mille","tag-femme","tag-prophetie","tag-st-jean-de-jerusalem"],"_links":{"self":[{"href":"https:\/\/www.associationdemarie.org\/blog\/wp-json\/wp\/v2\/posts\/2190","targetHints":{"allow":["GET"]}}],"collection":[{"href":"https:\/\/www.associationdemarie.org\/blog\/wp-json\/wp\/v2\/posts"}],"about":[{"href":"https:\/\/www.associationdemarie.org\/blog\/wp-json\/wp\/v2\/types\/post"}],"author":[{"embeddable":true,"href":"https:\/\/www.associationdemarie.org\/blog\/wp-json\/wp\/v2\/users\/2"}],"replies":[{"embeddable":true,"href":"https:\/\/www.associationdemarie.org\/blog\/wp-json\/wp\/v2\/comments?post=2190"}],"version-history":[{"count":0,"href":"https:\/\/www.associationdemarie.org\/blog\/wp-json\/wp\/v2\/posts\/2190\/revisions"}],"wp:attachment":[{"href":"https:\/\/www.associationdemarie.org\/blog\/wp-json\/wp\/v2\/media?parent=2190"}],"wp:term":[{"taxonomy":"category","embeddable":true,"href":"https:\/\/www.associationdemarie.org\/blog\/wp-json\/wp\/v2\/categories?post=2190"},{"taxonomy":"post_tag","embeddable":true,"href":"https:\/\/www.associationdemarie.org\/blog\/wp-json\/wp\/v2\/tags?post=2190"}],"curies":[{"name":"wp","href":"https:\/\/api.w.org\/{rel}","templated":true}]}}