{"id":21873,"date":"2022-07-18T01:43:40","date_gmt":"2022-07-18T00:43:40","guid":{"rendered":"http:\/\/www.associationdemarie.org\/blog\/?p=21873"},"modified":"2022-06-27T09:45:23","modified_gmt":"2022-06-27T08:45:23","slug":"le-signe-de-jonas-6","status":"publish","type":"post","link":"https:\/\/www.associationdemarie.org\/blog\/le-signe-de-jonas-6\/","title":{"rendered":"Le signe de Jonas"},"content":{"rendered":"<p><img loading=\"lazy\" decoding=\"async\" class=\"aligncenter  wp-image-21874\" src=\"https:\/\/www.associationdemarie.org\/blog\/wp-content\/uploads\/2022\/06\/18-07.jpeg\" alt=\"\" width=\"447\" height=\"327\" \/><\/p>\n<p>Apr\u00e8s tous les signes que notre Seigneur avait donn\u00e9s, ces aveugles qui ne voyaient rien lui disaient : \u00ab Nous voulons voir un signe venant de toi \u00bb. Notre Seigneur laissa de c\u00f4t\u00e9 les rois et les proph\u00e8tes, ses t\u00e9moins, et il en appela aux Ninivites (&#8230;). Jonas avait annonc\u00e9 la destruction aux Ninivites ; il leur avait inspir\u00e9 la crainte et il avait sem\u00e9 chez eux la stupeur ; et eux lui pr\u00e9sent\u00e8rent la gerbe de la contrition d&rsquo;\u00e2me et des fruits de p\u00e9nitence. Les nations ont donc \u00e9t\u00e9 \u00e9lues, et les incirconcis se sont approch\u00e9s de Dieu. Les pa\u00efens ont re\u00e7u la vie, et les p\u00e9cheurs ont \u00e9t\u00e9 convertis (&#8230;).<\/p>\n<p>\u00ab Ils r\u00e9clamaient de lui un signe venant du ciel \u00bb (Lc 11,16), par exemple du tonnerre, comme pour Samuel (cf 1Sm 7,10). (&#8230;) Ils avaient entendu une pr\u00e9dication venue d&rsquo;en haut, et ils n&rsquo;avaient pas cru ; aussi la pr\u00e9dication monta-t-elle des profondeurs. (&#8230;) \u00ab Le Fils de l&rsquo;homme sera dans le c\u0153ur de la terre, comme Jonas fut dans le ventre du monstre marin. \u00bb (&#8230;) Et Jonas monta de la mer et pr\u00eacha aux Ninivites qui firent p\u00e9nitence et furent sauv\u00e9s. De m\u00eame notre Seigneur, apr\u00e8s avoir ressuscit\u00e9 son corps du s\u00e9jour des morts, envoya ses ap\u00f4tres parmi les nations ; elles furent parfaitement converties et re\u00e7urent la pl\u00e9nitude de la vie.<\/p>\n<h3 class=\"GospelCommentaryAuthor-name commentary-author font-2\">Saint \u00c9phrem (v. 306-373)<\/h3>\n<p>&nbsp;<\/p>\n<p>&nbsp;<\/p>\n","protected":false},"excerpt":{"rendered":"<p>Apr\u00e8s tous les signes que notre Seigneur avait donn\u00e9s, ces aveugles qui ne voyaient rien lui disaient : \u00ab Nous voulons voir un signe venant de toi \u00bb. Notre Seigneur laissa de c\u00f4t\u00e9 les rois et les proph\u00e8tes, ses t\u00e9moins, et il en appela aux Ninivites (&#8230;). Jonas avait annonc\u00e9 la destruction aux Ninivites ; [&hellip;]<\/p>\n","protected":false},"author":2,"featured_media":0,"comment_status":"closed","ping_status":"closed","sticky":false,"template":"","format":"standard","meta":{"footnotes":""},"categories":[13],"tags":[545,982,1028],"class_list":["post-21873","post","type-post","status-publish","format-standard","hentry","category-ecritures","tag-jonas","tag-signes","tag-st-ephrem"],"_links":{"self":[{"href":"https:\/\/www.associationdemarie.org\/blog\/wp-json\/wp\/v2\/posts\/21873","targetHints":{"allow":["GET"]}}],"collection":[{"href":"https:\/\/www.associationdemarie.org\/blog\/wp-json\/wp\/v2\/posts"}],"about":[{"href":"https:\/\/www.associationdemarie.org\/blog\/wp-json\/wp\/v2\/types\/post"}],"author":[{"embeddable":true,"href":"https:\/\/www.associationdemarie.org\/blog\/wp-json\/wp\/v2\/users\/2"}],"replies":[{"embeddable":true,"href":"https:\/\/www.associationdemarie.org\/blog\/wp-json\/wp\/v2\/comments?post=21873"}],"version-history":[{"count":1,"href":"https:\/\/www.associationdemarie.org\/blog\/wp-json\/wp\/v2\/posts\/21873\/revisions"}],"predecessor-version":[{"id":21875,"href":"https:\/\/www.associationdemarie.org\/blog\/wp-json\/wp\/v2\/posts\/21873\/revisions\/21875"}],"wp:attachment":[{"href":"https:\/\/www.associationdemarie.org\/blog\/wp-json\/wp\/v2\/media?parent=21873"}],"wp:term":[{"taxonomy":"category","embeddable":true,"href":"https:\/\/www.associationdemarie.org\/blog\/wp-json\/wp\/v2\/categories?post=21873"},{"taxonomy":"post_tag","embeddable":true,"href":"https:\/\/www.associationdemarie.org\/blog\/wp-json\/wp\/v2\/tags?post=21873"}],"curies":[{"name":"wp","href":"https:\/\/api.w.org\/{rel}","templated":true}]}}