{"id":21856,"date":"2022-07-15T01:43:45","date_gmt":"2022-07-15T00:43:45","guid":{"rendered":"http:\/\/www.associationdemarie.org\/blog\/?p=21856"},"modified":"2022-06-24T05:46:21","modified_gmt":"2022-06-24T04:46:21","slug":"le-fils-de-lhomme-est-maitre-du-sabbat-9","status":"publish","type":"post","link":"https:\/\/www.associationdemarie.org\/blog\/le-fils-de-lhomme-est-maitre-du-sabbat-9\/","title":{"rendered":"\u00ab Le Fils de l&rsquo;Homme est ma\u00eetre du sabbat. \u00bb"},"content":{"rendered":"<p><img loading=\"lazy\" decoding=\"async\" class=\"aligncenter  wp-image-21857\" src=\"https:\/\/www.associationdemarie.org\/blog\/wp-content\/uploads\/2022\/06\/15-07-son-of-man-is-lord-even-of-sabbath-dayson-of-man-is-Lord-even-of-sabbath-day.jpg\" alt=\"\" width=\"502\" height=\"283\" srcset=\"https:\/\/www.associationdemarie.org\/blog\/wp-content\/uploads\/2022\/06\/15-07-son-of-man-is-lord-even-of-sabbath-dayson-of-man-is-Lord-even-of-sabbath-day.jpg 1000w, https:\/\/www.associationdemarie.org\/blog\/wp-content\/uploads\/2022\/06\/15-07-son-of-man-is-lord-even-of-sabbath-dayson-of-man-is-Lord-even-of-sabbath-day-300x169.jpg 300w, https:\/\/www.associationdemarie.org\/blog\/wp-content\/uploads\/2022\/06\/15-07-son-of-man-is-lord-even-of-sabbath-dayson-of-man-is-Lord-even-of-sabbath-day-768x432.jpg 768w\" sizes=\"auto, (max-width: 502px) 100vw, 502px\" \/><\/p>\n<p>Dans la Loi donn\u00e9e par Mo\u00efse&#8230;, Dieu ordonnait \u00e0 tous de se reposer et de ne faire aucun travail le jour du sabbat. Mais celui-ci \u00e9tait \u00ab une image et une ombre \u00bb (He 8,5) du v\u00e9ritable sabbat, qui est accord\u00e9 \u00e0 l&rsquo;\u00e2me par le Seigneur. En effet, l&rsquo;\u00e2me qui a \u00e9t\u00e9 jug\u00e9e digne du v\u00e9ritable sabbat cesse de s&rsquo;adonner \u00e0 ses pr\u00e9occupations honteuses et avilies et s&rsquo;en repose ; elle c\u00e9l\u00e8bre le v\u00e9ritable sabbat et jouit du v\u00e9ritable repos, \u00e9tant d\u00e9livr\u00e9e de toutes les \u0153uvres des t\u00e9n\u00e8bres&#8230;<\/p>\n<p>Jadis, il \u00e9tait prescrit que m\u00eame les animaux d\u00e9nu\u00e9s de raison devaient se reposer le jour du sabbat : le b\u0153uf ne devait pas \u00eatre soumis au joug, ni l&rsquo;\u00e2ne porter de fardeau, car les animaux eux-m\u00eames se reposaient des travaux p\u00e9nibles. En venant parmi nous et en nous donnant le sabbat v\u00e9ritable et \u00e9ternel, le Seigneur a apport\u00e9 le repos \u00e0 l&rsquo;\u00e2me qui \u00e9tait charg\u00e9e et accabl\u00e9e du fardeau du p\u00e9ch\u00e9, et qui, sous la contrainte, accomplissait des \u0153uvres de l&rsquo;injustice, assujettie qu&rsquo;elle \u00e9tait \u00e0 des ma\u00eetres cruels. Il l&rsquo;a soulag\u00e9e du poids intol\u00e9rable des id\u00e9es vaines et ignobles ; il l&rsquo;a affranchie du joug amer des \u0153uvres d&rsquo;injustice, et il lui a donn\u00e9 le repos.<\/p>\n<p>En effet, le Seigneur appelle l&rsquo;homme au repos en lui disant : \u00ab Venez, vous tous qui peinez et \u00eates accabl\u00e9s, et je vous donnerai le repos \u00bb (Mt 11,28). Et toutes les \u00e2mes qui lui font confiance et s&rsquo;approchent de lui&#8230;c\u00e9l\u00e8brent un sabbat v\u00e9ritable, d\u00e9licieux et saint, une f\u00eate de l&rsquo;Esprit, dans une joie et une all\u00e9gresse inexprimables. Elles rendent \u00e0 Dieu un culte pur qui lui pla\u00eet, proc\u00e9dant d&rsquo;un c\u0153ur pur. C&rsquo;est l\u00e0 le sabbat v\u00e9ritable et saint.<\/p>\n<h3 class=\"GospelCommentaryAuthor-name commentary-author font-2\">Hom\u00e9lie attribu\u00e9e \u00e0 saint Macaire d&rsquo;\u00c9gypte (?-390)<\/h3>\n<p>&nbsp;<\/p>\n<p>&nbsp;<\/p>\n<p>&nbsp;<\/p>\n","protected":false},"excerpt":{"rendered":"<p>Dans la Loi donn\u00e9e par Mo\u00efse&#8230;, Dieu ordonnait \u00e0 tous de se reposer et de ne faire aucun travail le jour du sabbat. Mais celui-ci \u00e9tait \u00ab une image et une ombre \u00bb (He 8,5) du v\u00e9ritable sabbat, qui est accord\u00e9 \u00e0 l&rsquo;\u00e2me par le Seigneur. En effet, l&rsquo;\u00e2me qui a \u00e9t\u00e9 jug\u00e9e digne du [&hellip;]<\/p>\n","protected":false},"author":2,"featured_media":0,"comment_status":"closed","ping_status":"closed","sticky":false,"template":"","format":"standard","meta":{"footnotes":""},"categories":[13,1261],"tags":[1382,683,911,1056],"class_list":["post-21856","post","type-post","status-publish","format-standard","hentry","category-ecritures","category-enseignement-2","tag-ecritures","tag-moise","tag-sabbat","tag-st-macaire-degypte"],"_links":{"self":[{"href":"https:\/\/www.associationdemarie.org\/blog\/wp-json\/wp\/v2\/posts\/21856","targetHints":{"allow":["GET"]}}],"collection":[{"href":"https:\/\/www.associationdemarie.org\/blog\/wp-json\/wp\/v2\/posts"}],"about":[{"href":"https:\/\/www.associationdemarie.org\/blog\/wp-json\/wp\/v2\/types\/post"}],"author":[{"embeddable":true,"href":"https:\/\/www.associationdemarie.org\/blog\/wp-json\/wp\/v2\/users\/2"}],"replies":[{"embeddable":true,"href":"https:\/\/www.associationdemarie.org\/blog\/wp-json\/wp\/v2\/comments?post=21856"}],"version-history":[{"count":1,"href":"https:\/\/www.associationdemarie.org\/blog\/wp-json\/wp\/v2\/posts\/21856\/revisions"}],"predecessor-version":[{"id":21858,"href":"https:\/\/www.associationdemarie.org\/blog\/wp-json\/wp\/v2\/posts\/21856\/revisions\/21858"}],"wp:attachment":[{"href":"https:\/\/www.associationdemarie.org\/blog\/wp-json\/wp\/v2\/media?parent=21856"}],"wp:term":[{"taxonomy":"category","embeddable":true,"href":"https:\/\/www.associationdemarie.org\/blog\/wp-json\/wp\/v2\/categories?post=21856"},{"taxonomy":"post_tag","embeddable":true,"href":"https:\/\/www.associationdemarie.org\/blog\/wp-json\/wp\/v2\/tags?post=21856"}],"curies":[{"name":"wp","href":"https:\/\/api.w.org\/{rel}","templated":true}]}}