{"id":21785,"date":"2022-06-25T01:13:42","date_gmt":"2022-06-25T00:13:42","guid":{"rendered":"http:\/\/www.associationdemarie.org\/blog\/?p=21785"},"modified":"2022-06-04T08:15:50","modified_gmt":"2022-06-04T07:15:50","slug":"coeur-immaculee-de-marie-4","status":"publish","type":"post","link":"https:\/\/www.associationdemarie.org\/blog\/coeur-immaculee-de-marie-4\/","title":{"rendered":"C\u0153ur Immacul\u00e9e de Marie"},"content":{"rendered":"<p><img loading=\"lazy\" decoding=\"async\" class=\"aligncenter size-full wp-image-21786\" src=\"https:\/\/www.associationdemarie.org\/blog\/wp-content\/uploads\/2022\/06\/25-06.jpg\" alt=\"\" width=\"477\" height=\"731\" srcset=\"https:\/\/www.associationdemarie.org\/blog\/wp-content\/uploads\/2022\/06\/25-06.jpg 477w, https:\/\/www.associationdemarie.org\/blog\/wp-content\/uploads\/2022\/06\/25-06-196x300.jpg 196w\" sizes=\"auto, (max-width: 477px) 100vw, 477px\" \/><\/p>\n<p>Marie nous regarde et nous aime en quelque sorte comme son fils et comme ses propres enfants, qui portent cette glorieuse qualit\u00e9 pour deux raisons. En premier lieu, parce qu&rsquo;\u00e9tant m\u00e8re du Chef, de la t\u00eate, elle est par cons\u00e9quent m\u00e8re des membres (cf Col 2,19). En second lieu, parce que notre Sauveur, en la croix, nous a donn\u00e9s \u00e0 sa m\u00e8re en qualit\u00e9 d&rsquo;enfants. Il nous l&rsquo;a donn\u00e9e, non seulement en qualit\u00e9 de reine et de souveraine, mais en la qualit\u00e9 la plus avantageuse pour nous qui puisse s&rsquo;imaginer, c&rsquo;est \u00e0 dire en qualit\u00e9 de m\u00e8re, en disant \u00e0 chacun de nous ce qu&rsquo;il dit \u00e0 son disciple bien-aim\u00e9 : \u00ab Voil\u00e0 votre m\u00e8re \u00bb. Et il nous donne \u00e0 elle, non pas seulement en qualit\u00e9 de serviteurs ou d&rsquo;esclaves, ce qui serait un grand honneur pour nous, mais en qualit\u00e9 d&rsquo;enfants.<\/p>\n<p>\u00ab Voil\u00e0 votre fils \u00bb, lui dit-il, parlant de chacun de nous en la personne de saint Jean, comme s&rsquo;il lui disait : \u00ab Voil\u00e0 tous mes membres que je vous donne pour \u00eatre vos enfants ; je les mets en ma place, afin que vous les regardiez comme moi-m\u00eame, et que vous les aimiez du m\u00eame amour dont vous m&rsquo;aimez ; aimez les aussi comme je les aime \u00bb. M\u00e8re de J\u00e9sus, vous nous regardez et nous aimez comme vos enfants, et comme les fr\u00e8res de votre fils J\u00e9sus, et du m\u00eame c\u0153ur ; et vous nous aimez et aimerez \u00e9ternellement du m\u00eame amour maternel dont vous l&rsquo;aimez.<\/p>\n<p>C&rsquo;est pourquoi, mes fr\u00e8res, dans toutes vos affaires, n\u00e9cessit\u00e9s, perplexit\u00e9s et afflictions, ayez recours \u00e0 ce c\u0153ur de notre tr\u00e8s charitable m\u00e8re. C&rsquo;est un c\u0153ur qui veille toujours sur nous et sur les plus petites choses qui nous touchent. C&rsquo;est un c\u0153ur si plein de bont\u00e9, de douceur, de mis\u00e9ricorde et de lib\u00e9ralit\u00e9, que jamais aucun de ceux qui l&rsquo;ont invoqu\u00e9 avec humilit\u00e9 et confiance, ne s&rsquo;en est retourn\u00e9 sans consolation.<\/p>\n<h3 class=\"GospelCommentaryAuthor-name commentary-author font-2\">Saint Jean Eudes (1601-1680)<\/h3>\n<p>&nbsp;<\/p>\n<p>&nbsp;<\/p>\n<p>&nbsp;<\/p>\n","protected":false},"excerpt":{"rendered":"<p>Marie nous regarde et nous aime en quelque sorte comme son fils et comme ses propres enfants, qui portent cette glorieuse qualit\u00e9 pour deux raisons. En premier lieu, parce qu&rsquo;\u00e9tant m\u00e8re du Chef, de la t\u00eate, elle est par cons\u00e9quent m\u00e8re des membres (cf Col 2,19). En second lieu, parce que notre Sauveur, en la [&hellip;]<\/p>\n","protected":false},"author":2,"featured_media":0,"comment_status":"closed","ping_status":"closed","sticky":false,"template":"","format":"standard","meta":{"footnotes":""},"categories":[3,28],"tags":[915,1046],"class_list":["post-21785","post","type-post","status-publish","format-standard","hentry","category-liturgique","category-saints-et-saintes","tag-sacre-coeur-de-marie","tag-st-jean-eudes"],"_links":{"self":[{"href":"https:\/\/www.associationdemarie.org\/blog\/wp-json\/wp\/v2\/posts\/21785","targetHints":{"allow":["GET"]}}],"collection":[{"href":"https:\/\/www.associationdemarie.org\/blog\/wp-json\/wp\/v2\/posts"}],"about":[{"href":"https:\/\/www.associationdemarie.org\/blog\/wp-json\/wp\/v2\/types\/post"}],"author":[{"embeddable":true,"href":"https:\/\/www.associationdemarie.org\/blog\/wp-json\/wp\/v2\/users\/2"}],"replies":[{"embeddable":true,"href":"https:\/\/www.associationdemarie.org\/blog\/wp-json\/wp\/v2\/comments?post=21785"}],"version-history":[{"count":1,"href":"https:\/\/www.associationdemarie.org\/blog\/wp-json\/wp\/v2\/posts\/21785\/revisions"}],"predecessor-version":[{"id":21787,"href":"https:\/\/www.associationdemarie.org\/blog\/wp-json\/wp\/v2\/posts\/21785\/revisions\/21787"}],"wp:attachment":[{"href":"https:\/\/www.associationdemarie.org\/blog\/wp-json\/wp\/v2\/media?parent=21785"}],"wp:term":[{"taxonomy":"category","embeddable":true,"href":"https:\/\/www.associationdemarie.org\/blog\/wp-json\/wp\/v2\/categories?post=21785"},{"taxonomy":"post_tag","embeddable":true,"href":"https:\/\/www.associationdemarie.org\/blog\/wp-json\/wp\/v2\/tags?post=21785"}],"curies":[{"name":"wp","href":"https:\/\/api.w.org\/{rel}","templated":true}]}}