{"id":21761,"date":"2022-05-28T08:24:07","date_gmt":"2022-05-28T07:24:07","guid":{"rendered":"http:\/\/www.associationdemarie.org\/blog\/?p=21761"},"modified":"2022-05-28T08:24:07","modified_gmt":"2022-05-28T07:24:07","slug":"co-redemptrice","status":"publish","type":"post","link":"https:\/\/www.associationdemarie.org\/blog\/co-redemptrice\/","title":{"rendered":"Co-R\u00e9demptrice"},"content":{"rendered":"<div>\n<p><img loading=\"lazy\" decoding=\"async\" class=\" wp-image-21762\" src=\"https:\/\/www.associationdemarie.org\/blog\/wp-content\/uploads\/2022\/05\/92156C78-042F-45CC-AE08-46CA598A3681.jpeg\" alt=\"\" width=\"488\" height=\"366\" srcset=\"https:\/\/www.associationdemarie.org\/blog\/wp-content\/uploads\/2022\/05\/92156C78-042F-45CC-AE08-46CA598A3681.jpeg 517w, https:\/\/www.associationdemarie.org\/blog\/wp-content\/uploads\/2022\/05\/92156C78-042F-45CC-AE08-46CA598A3681-300x225.jpeg 300w\" sizes=\"auto, (max-width: 488px) 100vw, 488px\" \/><\/p>\n<\/div>\n<div><\/div>\n<div>M\u00e8re Teresa \u00e9voque Marie comme Cor\u00e9demptrice et \u00e9crit au pape Jean-Paul II, le 14 ao\u00fbt 1993, pour en demander la d\u00e9finition dogmatique :<\/div>\n<div>\u00ab Marie est notre Co r\u00e9demptrice avec J\u00e9sus. Elle donna \u00e0 J\u00e9sus son corps et souffrit avec lui au pied de la croix.<\/div>\n<div>Marie est la m\u00e9diatrice de toutes les gr\u00e2ces. Elle nous donna J\u00e9sus et en tant qu&rsquo;elle est notre M\u00e8re elle nous obtient toutes les gr\u00e2ces.<\/div>\n<div><b>Marie est notre avocate qui prie J\u00e9sus pour nous. C&rsquo;est seulement par le c\u0153ur de Marie que nous allons au c\u0153ur eucharistique de J\u00e9sus.<\/b><\/div>\n<div>La d\u00e9finition papale de Marie Cor\u00e9demptrice, M\u00e9diatrice et Avocate apportera de grandes gr\u00e2ces \u00e0 l&rsquo;Eglise.<\/div>\n<div>Tout pour J\u00e9sus par Marie. Que Dieu vous b\u00e9nisse.<\/div>\n<p><i>Une avec les pauvres, Marie cor\u00e9demptrice (M\u00e8re T\u00e9r\u00e9sa de Calcutta)<\/i><\/p>\n<div><i>mariedenazareth.com\u00a0<\/i><\/div>\n<div><\/div>\n<div><\/div>\n<div><\/div>\n","protected":false},"excerpt":{"rendered":"<p>M\u00e8re Teresa \u00e9voque Marie comme Cor\u00e9demptrice et \u00e9crit au pape Jean-Paul II, le 14 ao\u00fbt 1993, pour en demander la d\u00e9finition dogmatique : \u00ab Marie est notre Co r\u00e9demptrice avec J\u00e9sus. Elle donna \u00e0 J\u00e9sus son corps et souffrit avec lui au pied de la croix. Marie est la m\u00e9diatrice de toutes les gr\u00e2ces. Elle [&hellip;]<\/p>\n","protected":false},"author":2,"featured_media":0,"comment_status":"closed","ping_status":"closed","sticky":false,"template":"","format":"standard","meta":{"footnotes":""},"categories":[28],"tags":[1615,1106],"class_list":["post-21761","post","type-post","status-publish","format-standard","hentry","category-saints-et-saintes","tag-co-redemptrice","tag-ste-teresa"],"_links":{"self":[{"href":"https:\/\/www.associationdemarie.org\/blog\/wp-json\/wp\/v2\/posts\/21761","targetHints":{"allow":["GET"]}}],"collection":[{"href":"https:\/\/www.associationdemarie.org\/blog\/wp-json\/wp\/v2\/posts"}],"about":[{"href":"https:\/\/www.associationdemarie.org\/blog\/wp-json\/wp\/v2\/types\/post"}],"author":[{"embeddable":true,"href":"https:\/\/www.associationdemarie.org\/blog\/wp-json\/wp\/v2\/users\/2"}],"replies":[{"embeddable":true,"href":"https:\/\/www.associationdemarie.org\/blog\/wp-json\/wp\/v2\/comments?post=21761"}],"version-history":[{"count":2,"href":"https:\/\/www.associationdemarie.org\/blog\/wp-json\/wp\/v2\/posts\/21761\/revisions"}],"predecessor-version":[{"id":21764,"href":"https:\/\/www.associationdemarie.org\/blog\/wp-json\/wp\/v2\/posts\/21761\/revisions\/21764"}],"wp:attachment":[{"href":"https:\/\/www.associationdemarie.org\/blog\/wp-json\/wp\/v2\/media?parent=21761"}],"wp:term":[{"taxonomy":"category","embeddable":true,"href":"https:\/\/www.associationdemarie.org\/blog\/wp-json\/wp\/v2\/categories?post=21761"},{"taxonomy":"post_tag","embeddable":true,"href":"https:\/\/www.associationdemarie.org\/blog\/wp-json\/wp\/v2\/tags?post=21761"}],"curies":[{"name":"wp","href":"https:\/\/api.w.org\/{rel}","templated":true}]}}