{"id":21754,"date":"2022-06-17T01:48:06","date_gmt":"2022-06-17T00:48:06","guid":{"rendered":"http:\/\/www.associationdemarie.org\/blog\/?p=21754"},"modified":"2022-05-27T10:50:31","modified_gmt":"2022-05-27T09:50:31","slug":"ne-vous-faites-pas-de-tresors-sur-la-terre-2","status":"publish","type":"post","link":"https:\/\/www.associationdemarie.org\/blog\/ne-vous-faites-pas-de-tresors-sur-la-terre-2\/","title":{"rendered":"Ne vous faites pas de tr\u00e9sors sur la terre"},"content":{"rendered":"<p><img loading=\"lazy\" decoding=\"async\" class=\"aligncenter  wp-image-21755\" src=\"https:\/\/www.associationdemarie.org\/blog\/wp-content\/uploads\/2022\/05\/17-06.jpeg\" alt=\"\" width=\"485\" height=\"291\" \/><\/p>\n<p>On a souvent parl\u00e9, en v\u00e9rit\u00e9, du Christ qui vient, mais les formules se sont us\u00e9es et ne sont plus compr\u00e9hensibles pour nous. Il est important qu&rsquo;il y ait des th\u00e9ologiens pour traduire le tr\u00e9sor conserv\u00e9 dans leur foi, pour que ce tr\u00e9sor devienne une parole pour ce monde, y compris dans le monde s\u00e9culier. <b>Le processus de traduction des grandes paroles en images et en concepts de notre temps est certes en cours de r\u00e9alisation, mais n&rsquo;a pas encore vraiment abouti. Cela ne peut se faire que si les hommes vivent le christianisme \u00e0 partir du Christ \u00e0 venir.<\/b> Alors seulement ils pourront aussi l&rsquo;exprimer. L&rsquo;expression, la traduction intellectuelle, pr\u00e9suppose la traduction existentielle; dans cette mesure, ce sont les saints qui vivent le fait d&rsquo;\u00eatre chr\u00e9tien dans le pr\u00e9sent et dans l&rsquo;avenir, et \u00e0 partir de l&rsquo;existence desquels le Christ \u00e0 venir est aussi traduisible. Le Christ peut alors int\u00e9grer l&rsquo;horizon de compr\u00e9hension du monde s\u00e9culier. C&rsquo;est la grande mission devant laquelle nous nous trouvons.<\/p>\n<p><strong>Beno\u00eet XVI<\/strong><\/p>\n<div>in\u00a0<i>La Lumi\u00e8re du Monde,<\/i>\u00a0\u00e9dit. Bayard<br \/>\n(entretiens avec Peter Seewald)<\/div>\n<div><\/div>\n<div><\/div>\n<div><\/div>\n","protected":false},"excerpt":{"rendered":"<p>On a souvent parl\u00e9, en v\u00e9rit\u00e9, du Christ qui vient, mais les formules se sont us\u00e9es et ne sont plus compr\u00e9hensibles pour nous. Il est important qu&rsquo;il y ait des th\u00e9ologiens pour traduire le tr\u00e9sor conserv\u00e9 dans leur foi, pour que ce tr\u00e9sor devienne une parole pour ce monde, y compris dans le monde s\u00e9culier. [&hellip;]<\/p>\n","protected":false},"author":2,"featured_media":0,"comment_status":"closed","ping_status":"closed","sticky":false,"template":"","format":"standard","meta":{"footnotes":""},"categories":[13,1261],"tags":[142,770,1155],"class_list":["post-21754","post","type-post","status-publish","format-standard","hentry","category-ecritures","category-enseignement-2","tag-benoit-16","tag-parole","tag-tresor"],"_links":{"self":[{"href":"https:\/\/www.associationdemarie.org\/blog\/wp-json\/wp\/v2\/posts\/21754","targetHints":{"allow":["GET"]}}],"collection":[{"href":"https:\/\/www.associationdemarie.org\/blog\/wp-json\/wp\/v2\/posts"}],"about":[{"href":"https:\/\/www.associationdemarie.org\/blog\/wp-json\/wp\/v2\/types\/post"}],"author":[{"embeddable":true,"href":"https:\/\/www.associationdemarie.org\/blog\/wp-json\/wp\/v2\/users\/2"}],"replies":[{"embeddable":true,"href":"https:\/\/www.associationdemarie.org\/blog\/wp-json\/wp\/v2\/comments?post=21754"}],"version-history":[{"count":2,"href":"https:\/\/www.associationdemarie.org\/blog\/wp-json\/wp\/v2\/posts\/21754\/revisions"}],"predecessor-version":[{"id":21757,"href":"https:\/\/www.associationdemarie.org\/blog\/wp-json\/wp\/v2\/posts\/21754\/revisions\/21757"}],"wp:attachment":[{"href":"https:\/\/www.associationdemarie.org\/blog\/wp-json\/wp\/v2\/media?parent=21754"}],"wp:term":[{"taxonomy":"category","embeddable":true,"href":"https:\/\/www.associationdemarie.org\/blog\/wp-json\/wp\/v2\/categories?post=21754"},{"taxonomy":"post_tag","embeddable":true,"href":"https:\/\/www.associationdemarie.org\/blog\/wp-json\/wp\/v2\/tags?post=21754"}],"curies":[{"name":"wp","href":"https:\/\/api.w.org\/{rel}","templated":true}]}}