{"id":21745,"date":"2022-06-15T01:27:19","date_gmt":"2022-06-15T00:27:19","guid":{"rendered":"http:\/\/www.associationdemarie.org\/blog\/?p=21745"},"modified":"2022-05-25T08:29:17","modified_gmt":"2022-05-25T07:29:17","slug":"quand-tu-pries-retire-toi-dans-ta-piece-la-plus-retiree-ferme-la-porte-mt-66","status":"publish","type":"post","link":"https:\/\/www.associationdemarie.org\/blog\/quand-tu-pries-retire-toi-dans-ta-piece-la-plus-retiree-ferme-la-porte-mt-66\/","title":{"rendered":"\u00ab Quand tu pries, retire-toi dans ta pi\u00e8ce la plus retir\u00e9e, ferme la porte. \u00bb (Mt 6,6)"},"content":{"rendered":"<p><img loading=\"lazy\" decoding=\"async\" class=\"aligncenter size-full wp-image-21746\" src=\"https:\/\/www.associationdemarie.org\/blog\/wp-content\/uploads\/2022\/05\/15-06.png\" alt=\"\" width=\"480\" height=\"480\" srcset=\"https:\/\/www.associationdemarie.org\/blog\/wp-content\/uploads\/2022\/05\/15-06.png 480w, https:\/\/www.associationdemarie.org\/blog\/wp-content\/uploads\/2022\/05\/15-06-150x150.png 150w, https:\/\/www.associationdemarie.org\/blog\/wp-content\/uploads\/2022\/05\/15-06-300x300.png 300w\" sizes=\"auto, (max-width: 480px) 100vw, 480px\" \/><\/p>\n<p>Nous devons mettre un soin tout particulier \u00e0 suivre le pr\u00e9cepte \u00e9vang\u00e9lique qui nous commande d\u2019entrer dans notre chambre et d\u2019en fermer la porte, pour prier notre P\u00e8re. Voici comment l\u2019accomplir.<\/p>\n<p>Nous prions dans notre chambre, lorsque nous retirons enti\u00e8rement notre c\u0153ur du tumulte et du bruit des pens\u00e9es et des soucis, et que, dans une sorte de t\u00eate-\u00e0-t\u00eate secret et de douce intimit\u00e9, nous d\u00e9couvrons au Seigneur nos d\u00e9sirs. Nous prions la porte close, lorsque nous supplions sans ouvrir les l\u00e8vres et dans un parfait silence Celui qui ne tient pas compte des paroles mais regarde au c\u0153ur.<\/p>\n<p>Nous prions en secret, lorsque nous parlons \u00e0 Dieu par le c\u0153ur seulement et l\u2019application de l\u2019\u00e2me, et ne manifestons qu\u2019\u00e0 lui nos demandes : si bien que les puissances adverses elles-m\u00eames n\u2019en puissent deviner la nature. Telle est bien la raison du profond silence qu\u2019il convient de garder dans la pri\u00e8re. Nous ne devons pas avoir en vue seulement de ne pas distraire les fr\u00e8res qui nous entourent par nos chuchotements et nos cris, et de ne point faire obstacle \u00e0 leurs \u00e2mes en pri\u00e8re ; mais aussi de cacher \u00e0 nos ennemis, qui multiplient alors surtout leurs attaques, le but de nos demandes. Par l\u00e0, nous accomplirons le pr\u00e9cepte : \u00ab Tiens ta bouche ferm\u00e9e \u00e0 celle qui dort sur ton sein. \u00bb (Mi 7,5)<\/p>\n<h3 class=\"GospelCommentaryAuthor-name commentary-author font-2\">Saint Jean Cassien (v. 360-435)<\/h3>\n<p>&nbsp;<\/p>\n<p>&nbsp;<\/p>\n<p>&nbsp;<\/p>\n","protected":false},"excerpt":{"rendered":"<p>Nous devons mettre un soin tout particulier \u00e0 suivre le pr\u00e9cepte \u00e9vang\u00e9lique qui nous commande d\u2019entrer dans notre chambre et d\u2019en fermer la porte, pour prier notre P\u00e8re. Voici comment l\u2019accomplir. Nous prions dans notre chambre, lorsque nous retirons enti\u00e8rement notre c\u0153ur du tumulte et du bruit des pens\u00e9es et des soucis, et que, dans [&hellip;]<\/p>\n","protected":false},"author":2,"featured_media":0,"comment_status":"closed","ping_status":"closed","sticky":false,"template":"","format":"standard","meta":{"footnotes":""},"categories":[13,1261,26],"tags":[830,1466,1303],"class_list":["post-21745","post","type-post","status-publish","format-standard","hentry","category-ecritures","category-enseignement-2","category-priere-des-ames","tag-priere","tag-secret","tag-st-jean-cassien"],"_links":{"self":[{"href":"https:\/\/www.associationdemarie.org\/blog\/wp-json\/wp\/v2\/posts\/21745","targetHints":{"allow":["GET"]}}],"collection":[{"href":"https:\/\/www.associationdemarie.org\/blog\/wp-json\/wp\/v2\/posts"}],"about":[{"href":"https:\/\/www.associationdemarie.org\/blog\/wp-json\/wp\/v2\/types\/post"}],"author":[{"embeddable":true,"href":"https:\/\/www.associationdemarie.org\/blog\/wp-json\/wp\/v2\/users\/2"}],"replies":[{"embeddable":true,"href":"https:\/\/www.associationdemarie.org\/blog\/wp-json\/wp\/v2\/comments?post=21745"}],"version-history":[{"count":1,"href":"https:\/\/www.associationdemarie.org\/blog\/wp-json\/wp\/v2\/posts\/21745\/revisions"}],"predecessor-version":[{"id":21747,"href":"https:\/\/www.associationdemarie.org\/blog\/wp-json\/wp\/v2\/posts\/21745\/revisions\/21747"}],"wp:attachment":[{"href":"https:\/\/www.associationdemarie.org\/blog\/wp-json\/wp\/v2\/media?parent=21745"}],"wp:term":[{"taxonomy":"category","embeddable":true,"href":"https:\/\/www.associationdemarie.org\/blog\/wp-json\/wp\/v2\/categories?post=21745"},{"taxonomy":"post_tag","embeddable":true,"href":"https:\/\/www.associationdemarie.org\/blog\/wp-json\/wp\/v2\/tags?post=21745"}],"curies":[{"name":"wp","href":"https:\/\/api.w.org\/{rel}","templated":true}]}}