{"id":21742,"date":"2022-06-14T01:11:56","date_gmt":"2022-06-14T00:11:56","guid":{"rendered":"http:\/\/www.associationdemarie.org\/blog\/?p=21742"},"modified":"2022-05-24T06:13:35","modified_gmt":"2022-05-24T05:13:35","slug":"ennemis","status":"publish","type":"post","link":"https:\/\/www.associationdemarie.org\/blog\/ennemis\/","title":{"rendered":"Ennemis"},"content":{"rendered":"<p><img loading=\"lazy\" decoding=\"async\" class=\"aligncenter  wp-image-21743\" src=\"https:\/\/www.associationdemarie.org\/blog\/wp-content\/uploads\/2022\/05\/14-06-chaos.jpg\" alt=\"\" width=\"378\" height=\"393\" srcset=\"https:\/\/www.associationdemarie.org\/blog\/wp-content\/uploads\/2022\/05\/14-06-chaos.jpg 308w, https:\/\/www.associationdemarie.org\/blog\/wp-content\/uploads\/2022\/05\/14-06-chaos-289x300.jpg 289w\" sizes=\"auto, (max-width: 378px) 100vw, 378px\" \/><\/p>\n<p>Je cherche la paix dans un monde compl\u00e8tement divis\u00e9 et agressif, et je suis s\u00fbre de ne pas \u00eatre la seule. \u00ab Prier ne nous emp\u00eache pas de voir le monde, mais transforme notre vision du monde. \u00bb Thomas Merton<br \/>\nTr\u00e8s peu de personnes prennent le temps de respirer profond\u00e9ment avant de parler quand elles se sentent tr\u00e8s anxieuses. Il ne s\u2019agit pas de s\u2019arr\u00eater quelques secondes, mais plusieurs heures. Afin de pouvoir souffler et r\u00e9fl\u00e9chir avant de r\u00e9pondre aux autres comme le ferait le Christ, nous devons prier. Plus nous sommes angoiss\u00e9s, plus nous devons prendre le temps de le faire. Si nous priions tous ne serait-ce que trente minutes par jour, cela changerait le monde.<br \/>\nPrenez un caf\u00e9 avec quelqu\u2019un qui a des opinions diff\u00e9rentes des v\u00f4tres<br \/>\n\u00ab Si vous voulez obtenir la paix, ne parlez pas \u00e0 vos amis. Parlez \u00e0 vos ennemis. \u00bb Sainte M\u00e8re Teresa de Calcutta<br \/>\nLa plupart d\u2019entre nous connaissons et aimons au moins une personne (esp\u00e9rons que ce soit plus) qui ne partage pas les m\u00eames opinions que nous en mati\u00e8re de politique et de religion, voire dont les id\u00e9es nous choquent. Invitez cette personne \u00e0 sortir. Parlez-lui. \u00c9coutez-la. Vous ne serez peut-\u00eatre pas d\u2019accord avec tout, mais vous en sortirez plus compr\u00e9hensif et plus compatissant. C\u2019est cela dont notre monde \u00e0 besoin.<br \/>\nSoyez la \u00ab lumi\u00e8re du monde \u00bb (Mt 5, 14)<br \/>\n\u00ab Les t\u00e9n\u00e8bres ne peuvent pas chasser les t\u00e9n\u00e8bres, seule la lumi\u00e8re le peut. La haine ne peut pas chasser la haine, seul l\u2019amour le peut \u00bb. Martin Luther King<br \/>\nNous sommes appel\u00e9s \u00e0 tout faire dans la chr\u00e9tient\u00e9. \u00ab Aimez vos ennemis et priez pour ceux qui vous pers\u00e9cutent \u00bb (Mt 5, 44).<br \/>\nCes ordres bibliques restent vrais, que nous commentions anonymement quelque chose sur Internet ou que nous r\u00e9pondions \u00e0 un proche dont nous ne partageons pas les opinions le jour de No\u00ebl. Soyez la lumi\u00e8re, virtuellement ou dans la vie r\u00e9elle \u2014 que ce soit en d\u00e9fendant les plus vuln\u00e9rables, en faisant du b\u00e9n\u00e9volat pour une cause qui vous tient \u00e0 coeur, ou simplement en faisant rire quelqu\u2019un.<br \/>\nDemandez \u00e0 Dieu de vous d\u00e9voiler d\u2019o\u00f9 viennent vos blessures<br \/>\n\u00ab Il s\u2019approcha de la victime, versa de l\u2019huile et du vin sur ses plaies et lui fit un bandage. \u00bb (Luc 10, 34)<br \/>\nNous avons tous des blessures qui affectent notre fa\u00e7on d\u2019agir au quotidien, face \u00e0 nos proches et aux internautes. Lorsque je r\u00e9agis \u00e0 quelque chose avec angoisse, peur ou col\u00e8re, j\u2019en demande la raison \u00e0 Dieu. Souvent, il me rappelle un \u00e9v\u00e9nement de mon pass\u00e9 qui a eu un impact sur ma fa\u00e7on d\u2019interagir avec les autres. Savoir d\u2019o\u00f9 cela vient n\u2019emp\u00eache pas ma r\u00e9action, mais cela l\u2019apaise. Puis je demande \u00e0 Dieu d\u2019imbiber mes blessures d\u2019huile et de vin, et de les panser comme l\u2019a fait le bon samaritain pour l\u2019homme bless\u00e9 sur le bord de la route. Priez : \u00ab Bon Samaritain, puisses-tu gu\u00e9rir les blessures de mon coeur, pour que je puisse moi-m\u00eame gu\u00e9rir les autres \u00bb. Personne n\u2019est bless\u00e9 au point de ne pas pouvoir recevoir le toucher curatif de Dieu.<br \/>\nTrouvez le temps pour le silence. \u00ab Le silence est un \u00e9l\u00e9ment crucial de la communication. En son absence, les mots riches de contenus ne peuvent pas exister. Dans le silence, nous parvenons mieux \u00e0 nous \u00e9coutez et \u00e0 nous comprendre ; des id\u00e9es naissent et s\u2019approfondissent. \u00bb Pape Benoit XVI<br \/>\nEn tant qu\u2019\u00eatres humains, le silence nous est essentiel pour acqu\u00e9rir de la profondeur et pouvoir entendre la voix de Dieu. Qu\u2019est-ce que cela signifie dans notre monde m\u00e9diatique ? Cela signifie que nous avons parfois besoin de faire un peu de place pour le silence dans nos vies, et prendre de la distance par rapport \u00e0 tout ce qui nous distrait.<\/p>\n<p>Th\u00e9r\u00e9sa Noble<br \/>\n\u00ab\u00a0Trouver la paix au milieu du chaos\u00a0\u00bb<br \/>\naleteia.org 01\/12\/2016<\/p>\n<p>&nbsp;<\/p>\n<p>&nbsp;<\/p>\n","protected":false},"excerpt":{"rendered":"<p>Je cherche la paix dans un monde compl\u00e8tement divis\u00e9 et agressif, et je suis s\u00fbre de ne pas \u00eatre la seule. \u00ab Prier ne nous emp\u00eache pas de voir le monde, mais transforme notre vision du monde. \u00bb Thomas Merton Tr\u00e8s peu de personnes prennent le temps de respirer profond\u00e9ment avant de parler quand elles [&hellip;]<\/p>\n","protected":false},"author":2,"featured_media":0,"comment_status":"closed","ping_status":"closed","sticky":false,"template":"","format":"standard","meta":{"footnotes":""},"categories":[13,1261],"tags":[1613,837],"class_list":["post-21742","post","type-post","status-publish","format-standard","hentry","category-ecritures","category-enseignement-2","tag-ennemis","tag-prochain"],"_links":{"self":[{"href":"https:\/\/www.associationdemarie.org\/blog\/wp-json\/wp\/v2\/posts\/21742","targetHints":{"allow":["GET"]}}],"collection":[{"href":"https:\/\/www.associationdemarie.org\/blog\/wp-json\/wp\/v2\/posts"}],"about":[{"href":"https:\/\/www.associationdemarie.org\/blog\/wp-json\/wp\/v2\/types\/post"}],"author":[{"embeddable":true,"href":"https:\/\/www.associationdemarie.org\/blog\/wp-json\/wp\/v2\/users\/2"}],"replies":[{"embeddable":true,"href":"https:\/\/www.associationdemarie.org\/blog\/wp-json\/wp\/v2\/comments?post=21742"}],"version-history":[{"count":1,"href":"https:\/\/www.associationdemarie.org\/blog\/wp-json\/wp\/v2\/posts\/21742\/revisions"}],"predecessor-version":[{"id":21744,"href":"https:\/\/www.associationdemarie.org\/blog\/wp-json\/wp\/v2\/posts\/21742\/revisions\/21744"}],"wp:attachment":[{"href":"https:\/\/www.associationdemarie.org\/blog\/wp-json\/wp\/v2\/media?parent=21742"}],"wp:term":[{"taxonomy":"category","embeddable":true,"href":"https:\/\/www.associationdemarie.org\/blog\/wp-json\/wp\/v2\/categories?post=21742"},{"taxonomy":"post_tag","embeddable":true,"href":"https:\/\/www.associationdemarie.org\/blog\/wp-json\/wp\/v2\/tags?post=21742"}],"curies":[{"name":"wp","href":"https:\/\/api.w.org\/{rel}","templated":true}]}}