{"id":21691,"date":"2022-05-28T01:08:14","date_gmt":"2022-05-28T00:08:14","guid":{"rendered":"http:\/\/www.associationdemarie.org\/blog\/?p=21691"},"modified":"2022-05-07T08:10:02","modified_gmt":"2022-05-07T07:10:02","slug":"nous-sommes-les-ambassadeurs-de-leglise","status":"publish","type":"post","link":"https:\/\/www.associationdemarie.org\/blog\/nous-sommes-les-ambassadeurs-de-leglise\/","title":{"rendered":"Nous sommes les ambassadeurs de l\u2019\u00c9glise"},"content":{"rendered":"<p><img loading=\"lazy\" decoding=\"async\" class=\"aligncenter  wp-image-21692\" src=\"https:\/\/www.associationdemarie.org\/blog\/wp-content\/uploads\/2022\/05\/28-05.jpeg\" alt=\"\" width=\"382\" height=\"211\" srcset=\"https:\/\/www.associationdemarie.org\/blog\/wp-content\/uploads\/2022\/05\/28-05.jpeg 302w, https:\/\/www.associationdemarie.org\/blog\/wp-content\/uploads\/2022\/05\/28-05-300x166.jpeg 300w\" sizes=\"auto, (max-width: 382px) 100vw, 382px\" \/><\/p>\n<p>Nous sommes les ambassadeurs de l\u2019\u00c9glise. Or, quelle est la qualit\u00e9 la plus fondamentale pour un ambassadeur ? d\u2019\u00eatre habile ? puissant ? de disposer d\u2019une grande fortune ? d\u2019avoir du cr\u00e9dit ? de briller par ses talents personnels ? d\u2019\u00eatre \u201cpersona grata\u201d aupr\u00e8s du souverain auquel il est envoy\u00e9 ? Tout cela est utile, n\u00e9cessaire ; toutes ces qualit\u00e9s contribueront sans aucun doute au succ\u00e8s de son action, mais elles seront insuffisantes et st\u00e9riles, elles d\u00e9vieront m\u00eame de la fin poursuivie, si l\u2019ambassadeur ne s\u2019identifie pas d\u2019abord, le plus parfaitement possible, avec les intentions et les sentiments du souverain qui l\u2019envoie, avec les int\u00e9r\u00eats du pays qu\u2019il repr\u00e9sente.<\/p>\n<p>Or, l\u2019\u00c9glise nous d\u00e9pute aupr\u00e8s du Roi des rois, aupr\u00e8s du tr\u00f4ne de Dieu. Nous devons donc nous identifier avec ses vues et ses volont\u00e9s ; l\u2019\u00c9glise nous confie ses int\u00e9r\u00eats, qui sont ceux des \u00e2mes, ceux de l\u2019\u00e9ternit\u00e9. Ce n\u2019est pas l\u00e0 chose banale ! Prenons donc dans notre c\u0153ur tous les besoins, toutes les n\u00e9cessit\u00e9s de sang, les angoisses des \u00e2mes qui sont dans la peine, les p\u00e9rils de celles qui sont en ce moment aux prises avec le d\u00e9mon, les sollicitudes de ceux qui doivent nous diriger ; afin que tous re\u00e7oivent le secours de Dieu. (\u2026)<\/p>\n<p>Pensez, en effet, \u00e0 ce que dit Notre-Seigneur lui-m\u00eame : \u00ab En v\u00e9rit\u00e9 je vous le dis, tout ce que vous demanderez \u00e0 mon P\u00e8re en mon nom, il vous le donnera \u00bb (Jn 16,23). Appuyez-vous sur cette promesse, demandez beaucoup, demandez en toute confiance, et le P\u00e8re, \u00ab d\u2019o\u00f9 descend tout don parfait \u00bb (cf. Jc 1, 17), ouvrira ses mains pour remplir toute \u00e2me de b\u00e9n\u00e9dictions. Car ce n\u2019est pas nous qui prions, qui interc\u00e9dons en ce moment ; c\u2019est l\u2019\u00c9glise, c\u2019est le Christ, notre chef, le Pontife supr\u00eame qui prie en nous, et qui est devant son P\u00e8re pour plaider la cause des \u00e2mes qu\u2019il a rachet\u00e9es (He 9,24 ; 7,25).<\/p>\n<h3 class=\"GospelCommentaryAuthor-name commentary-author font-2\">Bienheureux Columba Marmion (1858-1923)<\/h3>\n<p>&nbsp;<\/p>\n<p>&nbsp;<\/p>\n<p>&nbsp;<\/p>\n","protected":false},"excerpt":{"rendered":"<p>Nous sommes les ambassadeurs de l\u2019\u00c9glise. Or, quelle est la qualit\u00e9 la plus fondamentale pour un ambassadeur ? d\u2019\u00eatre habile ? puissant ? de disposer d\u2019une grande fortune ? d\u2019avoir du cr\u00e9dit ? de briller par ses talents personnels ? d\u2019\u00eatre \u201cpersona grata\u201d aupr\u00e8s du souverain auquel il est envoy\u00e9 ? Tout cela est utile, [&hellip;]<\/p>\n","protected":false},"author":2,"featured_media":0,"comment_status":"closed","ping_status":"closed","sticky":false,"template":"","format":"standard","meta":{"footnotes":""},"categories":[1],"tags":[1464,336,387],"class_list":["post-21691","post","type-post","status-publish","format-standard","hentry","category-non-classe","tag-bienheureux-columba-marmion","tag-eglise","tag-evangelisation"],"_links":{"self":[{"href":"https:\/\/www.associationdemarie.org\/blog\/wp-json\/wp\/v2\/posts\/21691","targetHints":{"allow":["GET"]}}],"collection":[{"href":"https:\/\/www.associationdemarie.org\/blog\/wp-json\/wp\/v2\/posts"}],"about":[{"href":"https:\/\/www.associationdemarie.org\/blog\/wp-json\/wp\/v2\/types\/post"}],"author":[{"embeddable":true,"href":"https:\/\/www.associationdemarie.org\/blog\/wp-json\/wp\/v2\/users\/2"}],"replies":[{"embeddable":true,"href":"https:\/\/www.associationdemarie.org\/blog\/wp-json\/wp\/v2\/comments?post=21691"}],"version-history":[{"count":1,"href":"https:\/\/www.associationdemarie.org\/blog\/wp-json\/wp\/v2\/posts\/21691\/revisions"}],"predecessor-version":[{"id":21693,"href":"https:\/\/www.associationdemarie.org\/blog\/wp-json\/wp\/v2\/posts\/21691\/revisions\/21693"}],"wp:attachment":[{"href":"https:\/\/www.associationdemarie.org\/blog\/wp-json\/wp\/v2\/media?parent=21691"}],"wp:term":[{"taxonomy":"category","embeddable":true,"href":"https:\/\/www.associationdemarie.org\/blog\/wp-json\/wp\/v2\/categories?post=21691"},{"taxonomy":"post_tag","embeddable":true,"href":"https:\/\/www.associationdemarie.org\/blog\/wp-json\/wp\/v2\/tags?post=21691"}],"curies":[{"name":"wp","href":"https:\/\/api.w.org\/{rel}","templated":true}]}}