{"id":21583,"date":"2022-04-29T01:04:04","date_gmt":"2022-04-29T00:04:04","guid":{"rendered":"http:\/\/www.associationdemarie.org\/blog\/?p=21583"},"modified":"2022-04-08T06:08:53","modified_gmt":"2022-04-08T05:08:53","slug":"fete-de-sainte-catherine-de-sienne-vierge-docteur-de-leglise-copatronne-de-leurope-3","status":"publish","type":"post","link":"https:\/\/www.associationdemarie.org\/blog\/fete-de-sainte-catherine-de-sienne-vierge-docteur-de-leglise-copatronne-de-leurope-3\/","title":{"rendered":"F\u00eate de sainte Catherine de Sienne, vierge, docteur de l&rsquo;Eglise, copatronne de l&rsquo;Europe"},"content":{"rendered":"<p><img loading=\"lazy\" decoding=\"async\" class=\" wp-image-21584 alignleft\" src=\"https:\/\/www.associationdemarie.org\/blog\/wp-content\/uploads\/2022\/04\/29-04-Catherine_of_Siena.jpg\" alt=\"\" width=\"234\" height=\"377\" srcset=\"https:\/\/www.associationdemarie.org\/blog\/wp-content\/uploads\/2022\/04\/29-04-Catherine_of_Siena.jpg 235w, https:\/\/www.associationdemarie.org\/blog\/wp-content\/uploads\/2022\/04\/29-04-Catherine_of_Siena-186x300.jpg 186w\" sizes=\"auto, (max-width: 234px) 100vw, 234px\" \/>Quand Catherine voit le jour en 1347, la situation en Italie et en Europe est devenue tr\u00e8s difficile. D\u00e9j\u00e0 s&rsquo;annon\u00e7ait la peste noire, qui devait semer la d\u00e9vastation ; la soci\u00e9t\u00e9 \u00e9tait troubl\u00e9e par la Guerre de Cent Ans et des invasions de mercenaires ; les papes avaient d\u00fb quitter Rome pour Avignon ; le schisme d&rsquo;Occident allait se prolonger jusqu&rsquo;en 1417. Fille d&rsquo;un teinturier, Catherine prend tr\u00e8s rapidement conscience des besoins du monde qui l&rsquo;entoure. Attir\u00e9e par la forme de vie apostolique des dominicains, elle demande \u00e0 \u00eatre agr\u00e9g\u00e9e au tiers ordre (on appelait ces pieuses femmes les \u00ab Mantellate \u00bb). Celles-ci n&rsquo;\u00e9taient pas des religieuses \u00e0 proprement parler et ne vivaient pas la vie commune, mais elles portaient la robe blanche et le manteau noir des fr\u00e8res pr\u00eacheurs. (&#8230;)<\/p>\n<p>Catherine \u00e9tait entour\u00e9e d&rsquo;une foule bigarr\u00e9e de disciples, de toute classe sociale et de toute origine. Elle les attirait par la puret\u00e9 de sa foi et par la libert\u00e9 de son acceptation de la parole de Dieu, sans adoucissement ni compromis. (&#8230;) Elle atteignit le sommet de son progr\u00e8s int\u00e9rieur par les noces spirituelles (&#8230;) ; on aurait donc pu penser que sa vie s&rsquo;\u00e9coulerait dans la solitude et dans la contemplation. Mais Dieu, au contraire, l&rsquo;avait attach\u00e9e \u00e0 lui pour qu&rsquo;elle lui soit unie dans l&rsquo;\u0153uvre de son Royaume. (&#8230;) Le dessein du Christ \u00e9tait de la lier \u00e9troitement \u00e0 lui par \u00ab l&rsquo;amour du prochain \u00bb, c&rsquo;est-\u00e0-dire aussi bien par la douceur des liens de l&rsquo;\u00e2me que par les travaux ext\u00e9rieurs ; ce fut ce que l&rsquo;on a appel\u00e9 \u00ab la mystique sociale \u00bb. (&#8230;)<\/p>\n<p>Apr\u00e8s s&rsquo;\u00eatre appliqu\u00e9e \u00e0 la conversion de p\u00e9cheurs individuels, elle passa \u00e0 la r\u00e9conciliation de personnes ou de familles oppos\u00e9es par de mauvaises querelles, puis \u00e0 la pacification des villes ou des \u00c9tats. (&#8230;) L&rsquo;impulsion int\u00e9rieure du Ma\u00eetre divin lui ouvrit pour ainsi dire une humanit\u00e9 de surcro\u00eet. C&rsquo;est ainsi que cette humble fille d&rsquo;artisan, illettr\u00e9e, pratiquement sans \u00e9tudes et sans culture, eut l&rsquo;intelligence des besoins de son temps au point de d\u00e9passer les limites de sa cit\u00e9 et d&rsquo;atteindre une dimension mondiale par son action.<\/p>\n<h3 class=\"GospelCommentaryAuthor-name commentary-author font-2\">Saint Jean-Paul II (1920-2005)<\/h3>\n<p>&nbsp;<\/p>\n<p>&nbsp;<\/p>\n<p>&nbsp;<\/p>\n","protected":false},"excerpt":{"rendered":"<p>Quand Catherine voit le jour en 1347, la situation en Italie et en Europe est devenue tr\u00e8s difficile. D\u00e9j\u00e0 s&rsquo;annon\u00e7ait la peste noire, qui devait semer la d\u00e9vastation ; la soci\u00e9t\u00e9 \u00e9tait troubl\u00e9e par la Guerre de Cent Ans et des invasions de mercenaires ; les papes avaient d\u00fb quitter Rome pour Avignon ; le [&hellip;]<\/p>\n","protected":false},"author":2,"featured_media":0,"comment_status":"closed","ping_status":"closed","sticky":false,"template":"","format":"standard","meta":{"footnotes":""},"categories":[28],"tags":[1253,1089],"class_list":["post-21583","post","type-post","status-publish","format-standard","hentry","category-saints-et-saintes","tag-st-jean-paul-2","tag-ste-catherine-de-sienne"],"_links":{"self":[{"href":"https:\/\/www.associationdemarie.org\/blog\/wp-json\/wp\/v2\/posts\/21583","targetHints":{"allow":["GET"]}}],"collection":[{"href":"https:\/\/www.associationdemarie.org\/blog\/wp-json\/wp\/v2\/posts"}],"about":[{"href":"https:\/\/www.associationdemarie.org\/blog\/wp-json\/wp\/v2\/types\/post"}],"author":[{"embeddable":true,"href":"https:\/\/www.associationdemarie.org\/blog\/wp-json\/wp\/v2\/users\/2"}],"replies":[{"embeddable":true,"href":"https:\/\/www.associationdemarie.org\/blog\/wp-json\/wp\/v2\/comments?post=21583"}],"version-history":[{"count":6,"href":"https:\/\/www.associationdemarie.org\/blog\/wp-json\/wp\/v2\/posts\/21583\/revisions"}],"predecessor-version":[{"id":21590,"href":"https:\/\/www.associationdemarie.org\/blog\/wp-json\/wp\/v2\/posts\/21583\/revisions\/21590"}],"wp:attachment":[{"href":"https:\/\/www.associationdemarie.org\/blog\/wp-json\/wp\/v2\/media?parent=21583"}],"wp:term":[{"taxonomy":"category","embeddable":true,"href":"https:\/\/www.associationdemarie.org\/blog\/wp-json\/wp\/v2\/categories?post=21583"},{"taxonomy":"post_tag","embeddable":true,"href":"https:\/\/www.associationdemarie.org\/blog\/wp-json\/wp\/v2\/tags?post=21583"}],"curies":[{"name":"wp","href":"https:\/\/api.w.org\/{rel}","templated":true}]}}