{"id":21567,"date":"2022-04-24T01:49:46","date_gmt":"2022-04-24T00:49:46","guid":{"rendered":"http:\/\/www.associationdemarie.org\/blog\/?p=21567"},"modified":"2022-04-03T06:53:38","modified_gmt":"2022-04-03T05:53:38","slug":"deuxieme-dimanche-de-paques-dimanche-de-la-misericorde-6","status":"publish","type":"post","link":"https:\/\/www.associationdemarie.org\/blog\/deuxieme-dimanche-de-paques-dimanche-de-la-misericorde-6\/","title":{"rendered":"Deuxi\u00e8me dimanche de P\u00e2ques &#8211; Dimanche de la mis\u00e9ricorde"},"content":{"rendered":"<p><img loading=\"lazy\" decoding=\"async\" class=\"aligncenter size-full wp-image-21568\" src=\"https:\/\/www.associationdemarie.org\/blog\/wp-content\/uploads\/2022\/04\/24-04-Michael-GRESCHNY-St-Thomas_.jpg\" alt=\"\" width=\"450\" height=\"359\" srcset=\"https:\/\/www.associationdemarie.org\/blog\/wp-content\/uploads\/2022\/04\/24-04-Michael-GRESCHNY-St-Thomas_.jpg 450w, https:\/\/www.associationdemarie.org\/blog\/wp-content\/uploads\/2022\/04\/24-04-Michael-GRESCHNY-St-Thomas_-300x239.jpg 300w\" sizes=\"auto, (max-width: 450px) 100vw, 450px\" \/><\/p>\n<p>J\u00e9sus leur dit \u201cPaix \u00e0 vous !\u201d \u00bb (Jn 20,19) Il est dit \u00ab Paix \u00e0 vous ! \u00bb par trois fois \u00e0 cause de la triple paix que le Seigneur a r\u00e9tabli : entre Dieu et l\u2019homme, en le r\u00e9conciliant avec le P\u00e8re par son sang ; entre l\u2019ange et l\u2019homme en prenant la nature humaine et en s\u2019\u00e9levant au-dessus des ch\u0153urs des anges ; entre l\u2019homme et l\u2019homme, en r\u00e9unissant en lui-m\u00eame, pierre angulaire, le peuple des Juifs et le peuple des Gentils. (\u2026)<\/p>\n<p>J\u00e9sus vint donc et se tint au milieu (Jn 20,19). \u00ab Je suis au milieu de vous comme celui qui sert \u00bb (Lc 22,27). Il se tient au milieu de chaque c\u0153ur. Il se tient au centre, parce que de lui, comme d\u2019un centre, tous les rayons de la gr\u00e2ce rayonnent vers nous qui nous tenons sur la circonf\u00e9rence et marchons tout autour. \u00ab J\u00e9sus se tint, donc, au milieu d\u2019eux et leur dit : \u201cPaix \u00e0 vous !\u201d \u00bb (Jn 20,19) Il existe une triple paix : celle du temps, celle du c\u0153ur, celle de l\u2019\u00e9ternit\u00e9. Tu dois avoir la premi\u00e8re avec ton prochain, la deuxi\u00e8me avec toi-m\u00eame, et ainsi tu auras la troisi\u00e8me, avec Dieu au ciel. Tiens-toi aussi \u00ab au milieu \u00bb et tu auras la paix avec ton prochain. Si tu ne te tiens pas au milieu, tu ne pourras pas avoir la paix. Sur la circonf\u00e9rence, il n\u2019y a ni paix ni tranquillit\u00e9 d\u2019esprit, mais mouvement et instabilit\u00e9. On dit que les \u00e9l\u00e9phants, lorsqu\u2019ils affrontent un combat, portent un soin particulier aux bless\u00e9s : ils les enferment au centre du groupe en compagnie des plus faibles. Accueille toi aussi, au centre de la charit\u00e9, ton prochain faible et bless\u00e9.<\/p>\n<p>Le Seigneur, donc, apr\u00e8s leur avoir montr\u00e9 ses mains et son c\u00f4t\u00e9, dit \u00e0 nouveau : \u00ab Paix \u00e0 vous ! Comme le P\u00e8re m\u2019a envoy\u00e9, moi aussi je vous envoie \u00bb (cf. Jn 20,21). Comme le P\u00e8re m\u2019a envoy\u00e9 \u00e0 la Passion, malgr\u00e9 son amour, ainsi moi aussi, avec le m\u00eame amour, je vous envoie.<\/p>\n<h3 class=\"GospelCommentaryAuthor-name commentary-author font-2\">Saint Antoine de Padoue (v. 1195-1231)<\/h3>\n<p>&nbsp;<\/p>\n<p>&nbsp;<\/p>\n<p>&nbsp;<\/p>\n","protected":false},"excerpt":{"rendered":"<p>J\u00e9sus leur dit \u201cPaix \u00e0 vous !\u201d \u00bb (Jn 20,19) Il est dit \u00ab Paix \u00e0 vous ! \u00bb par trois fois \u00e0 cause de la triple paix que le Seigneur a r\u00e9tabli : entre Dieu et l\u2019homme, en le r\u00e9conciliant avec le P\u00e8re par son sang ; entre l\u2019ange et l\u2019homme en prenant la [&hellip;]<\/p>\n","protected":false},"author":2,"featured_media":0,"comment_status":"closed","ping_status":"closed","sticky":false,"template":"","format":"standard","meta":{"footnotes":""},"categories":[13,1261],"tags":[307,425,757,1010],"class_list":["post-21567","post","type-post","status-publish","format-standard","hentry","category-ecritures","category-enseignement-2","tag-divine-misericorde","tag-foi","tag-paix","tag-st-antoine-de-padoue"],"_links":{"self":[{"href":"https:\/\/www.associationdemarie.org\/blog\/wp-json\/wp\/v2\/posts\/21567","targetHints":{"allow":["GET"]}}],"collection":[{"href":"https:\/\/www.associationdemarie.org\/blog\/wp-json\/wp\/v2\/posts"}],"about":[{"href":"https:\/\/www.associationdemarie.org\/blog\/wp-json\/wp\/v2\/types\/post"}],"author":[{"embeddable":true,"href":"https:\/\/www.associationdemarie.org\/blog\/wp-json\/wp\/v2\/users\/2"}],"replies":[{"embeddable":true,"href":"https:\/\/www.associationdemarie.org\/blog\/wp-json\/wp\/v2\/comments?post=21567"}],"version-history":[{"count":1,"href":"https:\/\/www.associationdemarie.org\/blog\/wp-json\/wp\/v2\/posts\/21567\/revisions"}],"predecessor-version":[{"id":21569,"href":"https:\/\/www.associationdemarie.org\/blog\/wp-json\/wp\/v2\/posts\/21567\/revisions\/21569"}],"wp:attachment":[{"href":"https:\/\/www.associationdemarie.org\/blog\/wp-json\/wp\/v2\/media?parent=21567"}],"wp:term":[{"taxonomy":"category","embeddable":true,"href":"https:\/\/www.associationdemarie.org\/blog\/wp-json\/wp\/v2\/categories?post=21567"},{"taxonomy":"post_tag","embeddable":true,"href":"https:\/\/www.associationdemarie.org\/blog\/wp-json\/wp\/v2\/tags?post=21567"}],"curies":[{"name":"wp","href":"https:\/\/api.w.org\/{rel}","templated":true}]}}