{"id":21563,"date":"2022-04-23T01:54:42","date_gmt":"2022-04-23T00:54:42","guid":{"rendered":"http:\/\/www.associationdemarie.org\/blog\/?p=21563"},"modified":"2022-04-02T07:56:30","modified_gmt":"2022-04-02T06:56:30","slug":"proclamez-la-bonne-nouvelle-a-toute-la-creation-3","status":"publish","type":"post","link":"https:\/\/www.associationdemarie.org\/blog\/proclamez-la-bonne-nouvelle-a-toute-la-creation-3\/","title":{"rendered":"\u00ab Proclamez la Bonne Nouvelle \u00e0 toute la cr\u00e9ation. \u00bb"},"content":{"rendered":"<p><img loading=\"lazy\" decoding=\"async\" class=\"aligncenter  wp-image-21564\" src=\"https:\/\/www.associationdemarie.org\/blog\/wp-content\/uploads\/2022\/04\/23-04.jpeg\" alt=\"\" width=\"469\" height=\"358\" \/><\/p>\n<p>Vous avez entendu ce que dit le Seigneur \u00e0 ses disciples apr\u00e8s la r\u00e9surrection. Il les envoie pr\u00eacher l&rsquo;\u00c9vangile, et ils l&rsquo;ont fait. \u00c9coutez : \u00ab Sur toute la terre s&rsquo;en va leur message et leurs paroles jusqu&rsquo;aux extr\u00e9mit\u00e9s du monde \u00bb (Ps 18,5). Pas \u00e0 pas, l&rsquo;\u00c9vangile est parvenu jusqu&rsquo;\u00e0 nous et jusqu&rsquo;aux confins de la terre. En peu de mots, le Seigneur s&rsquo;adressant \u00e0 ses disciples \u00e9tablit ce que nous devons faire et ce que nous devons esp\u00e9rer. Il dit, en effet, comme vous l&rsquo;avez entendu : \u00ab Celui qui croira et sera baptis\u00e9 sera sauv\u00e9. \u00bb Il demande notre foi et il nous offre le salut. Si pr\u00e9cieux est ce qu&rsquo;il nous offre que ce qu&rsquo;il nous demande n&rsquo;est rien.<\/p>\n<p>\u00ab Ainsi, mon Dieu, les fils des hommes \u00e0 l&rsquo;ombre de tes ailes ont abri (&#8230;), au torrent de tes d\u00e9lices tu les abreuves, car en toi est la source de vie \u00bb (Ps 35,8s). J\u00e9sus Christ est la source de la vie. Avant que la source de vie ne parvienne jusqu&rsquo;\u00e0 nous, nous n&rsquo;avions qu&rsquo;un salut humain, semblable \u00e0 celui des animaux dont parle le psaume : \u00ab L&rsquo;homme et le b\u00e9tail, tu les sauves, Seigneur \u00bb (Ps 35,7). Mais maintenant la source de la vie est venue jusqu&rsquo;\u00e0 nous, la source de la vie est morte pour nous. Nous refusera-t-il sa vie, celui qui pour nous a donn\u00e9 sa mort ? Il est le salut, et ce salut n&rsquo;est pas vain comme l&rsquo;autre. Pourquoi ? Parce qu&rsquo;il ne passe pas. Le Sauveur est venu. Il est mort, mais il a tu\u00e9 la mort. Il a mis \u00e0 la mort un terme en lui. Il l&rsquo;a assum\u00e9e et il l&rsquo;a tu\u00e9e. O\u00f9 donc est maintenant la mort ? Cherche-la dans le Christ et elle n&rsquo;y est plus. Elle y a \u00e9t\u00e9, mais elle est morte l\u00e0. \u00d4 vie, mort de la mort ! Reprenez courage : elle mourra aussi en nous. Ce qui s&rsquo;est accompli dans la T\u00eate s&rsquo;accomplira aussi dans les membres, et la mort mourra aussi en nous.<\/p>\n<h3 class=\"GospelCommentaryAuthor-name commentary-author font-2\">Saint Augustin (354-430)<\/h3>\n<p>&nbsp;<\/p>\n<p>&nbsp;<\/p>\n<p>&nbsp;<\/p>\n","protected":false},"excerpt":{"rendered":"<p>Vous avez entendu ce que dit le Seigneur \u00e0 ses disciples apr\u00e8s la r\u00e9surrection. Il les envoie pr\u00eacher l&rsquo;\u00c9vangile, et ils l&rsquo;ont fait. \u00c9coutez : \u00ab Sur toute la terre s&rsquo;en va leur message et leurs paroles jusqu&rsquo;aux extr\u00e9mit\u00e9s du monde \u00bb (Ps 18,5). Pas \u00e0 pas, l&rsquo;\u00c9vangile est parvenu jusqu&rsquo;\u00e0 nous et jusqu&rsquo;aux confins [&hellip;]<\/p>\n","protected":false},"author":2,"featured_media":0,"comment_status":"closed","ping_status":"closed","sticky":false,"template":"","format":"standard","meta":{"footnotes":""},"categories":[13,1261],"tags":[83,387,1012],"class_list":["post-21563","post","type-post","status-publish","format-standard","hentry","category-ecritures","category-enseignement-2","tag-apotre","tag-evangelisation","tag-st-augustin"],"_links":{"self":[{"href":"https:\/\/www.associationdemarie.org\/blog\/wp-json\/wp\/v2\/posts\/21563","targetHints":{"allow":["GET"]}}],"collection":[{"href":"https:\/\/www.associationdemarie.org\/blog\/wp-json\/wp\/v2\/posts"}],"about":[{"href":"https:\/\/www.associationdemarie.org\/blog\/wp-json\/wp\/v2\/types\/post"}],"author":[{"embeddable":true,"href":"https:\/\/www.associationdemarie.org\/blog\/wp-json\/wp\/v2\/users\/2"}],"replies":[{"embeddable":true,"href":"https:\/\/www.associationdemarie.org\/blog\/wp-json\/wp\/v2\/comments?post=21563"}],"version-history":[{"count":2,"href":"https:\/\/www.associationdemarie.org\/blog\/wp-json\/wp\/v2\/posts\/21563\/revisions"}],"predecessor-version":[{"id":21566,"href":"https:\/\/www.associationdemarie.org\/blog\/wp-json\/wp\/v2\/posts\/21563\/revisions\/21566"}],"wp:attachment":[{"href":"https:\/\/www.associationdemarie.org\/blog\/wp-json\/wp\/v2\/media?parent=21563"}],"wp:term":[{"taxonomy":"category","embeddable":true,"href":"https:\/\/www.associationdemarie.org\/blog\/wp-json\/wp\/v2\/categories?post=21563"},{"taxonomy":"post_tag","embeddable":true,"href":"https:\/\/www.associationdemarie.org\/blog\/wp-json\/wp\/v2\/tags?post=21563"}],"curies":[{"name":"wp","href":"https:\/\/api.w.org\/{rel}","templated":true}]}}