{"id":21533,"date":"2022-04-16T01:27:03","date_gmt":"2022-04-16T00:27:03","guid":{"rendered":"http:\/\/www.associationdemarie.org\/blog\/?p=21533"},"modified":"2022-03-26T07:31:50","modified_gmt":"2022-03-26T06:31:50","slug":"le-samedi-saint-2","status":"publish","type":"post","link":"https:\/\/www.associationdemarie.org\/blog\/le-samedi-saint-2\/","title":{"rendered":"Le samedi saint"},"content":{"rendered":"<p><img loading=\"lazy\" decoding=\"async\" class=\"aligncenter  wp-image-21534\" src=\"https:\/\/www.associationdemarie.org\/blog\/wp-content\/uploads\/2022\/03\/16-04.jpg\" alt=\"\" width=\"444\" height=\"292\" srcset=\"https:\/\/www.associationdemarie.org\/blog\/wp-content\/uploads\/2022\/03\/16-04.jpg 608w, https:\/\/www.associationdemarie.org\/blog\/wp-content\/uploads\/2022\/03\/16-04-300x197.jpg 300w\" sizes=\"auto, (max-width: 444px) 100vw, 444px\" \/><\/p>\n<p>Aujourd&rsquo;hui, l&rsquo;\u00c9glise, l&rsquo;h\u00e9riti\u00e8re, est dans l&rsquo;all\u00e9gresse. Son \u00e9poux, le Christ, qui a souffert, vient de ressusciter. (&#8230;) R\u00e9jouis-toi, \u00c9glise, \u00c9pouse du Christ ! La r\u00e9surrection de ton \u00c9poux t&rsquo;a relev\u00e9e de terre o\u00f9 les passants te foulaient aux pieds. (&#8230;) \u00d4 merveille ! (&#8230;) Une seule graine a \u00e9t\u00e9 sem\u00e9e, et le monde entier s&rsquo;en est nourri. Comme un homme, il a \u00e9t\u00e9 immol\u00e9 ; comme un Dieu, il a \u00e9t\u00e9 rendu \u00e0 la vie et il donne la vie \u00e0 la terre. (&#8230;) Comme un agneau, il a \u00e9t\u00e9 \u00e9gorg\u00e9, et comme un berger, par le b\u00e2ton de sa croix, il a dispers\u00e9 le troupeau des d\u00e9mons. Comme une bougie sur le chandelier, il s&rsquo;est \u00e9teint sur la croix, et comme un soleil, il s&rsquo;est lev\u00e9 du tombeau. On a vu s&rsquo;accomplir deux prodiges : le jour s&rsquo;est obscurci lorsque le Christ a \u00e9t\u00e9 crucifi\u00e9, et \u00e0 sa r\u00e9surrection, la nuit a brill\u00e9 comme le jour. Pourquoi le jour s&rsquo;est-il obscurci ? Parce que, comme il est \u00e9crit, \u00ab Il fit des t\u00e9n\u00e8bres son voile \u00bb (Ps 17,12). Pourquoi la nuit a-t-elle brill\u00e9 comme le jour ? Parce que, comme le disait le proph\u00e8te, \u00ab Les t\u00e9n\u00e8bres ne sont point t\u00e9n\u00e8bres devant toi et la nuit comme le jour illumine \u00bb (Ps 138,12).<\/p>\n<p>\u00d4 nuit, plus claire que le jour ! Nuit plus lumineuse que le soleil ! Nuit plus blanche que la neige, plus brillante que nos flambeaux, plus douce que le paradis ! \u00d4 nuit qui ne connais point de t\u00e9n\u00e8bres, tu chasses tout sommeil et nous fais veiller avec les anges ! Nuit pascale, frayeur des d\u00e9mons, attendue une ann\u00e9e durant ! Nuit nuptiale de l&rsquo;\u00c9glise, qui fais na\u00eetre les nouveaux baptis\u00e9s et d\u00e9pouilles le d\u00e9mon endormi ! Nuit o\u00f9 l&rsquo;h\u00e9ritier introduit ses co-h\u00e9ritiers dans l&rsquo;h\u00e9ritage !<\/p>\n<h3 class=\"GospelCommentaryAuthor-name commentary-author font-2\">Asterius d&rsquo;Amas\u00e9e (?-v. 410)<\/h3>\n<p>&nbsp;<\/p>\n<p>&nbsp;<\/p>\n<p>&nbsp;<\/p>\n","protected":false},"excerpt":{"rendered":"<p>Aujourd&rsquo;hui, l&rsquo;\u00c9glise, l&rsquo;h\u00e9riti\u00e8re, est dans l&rsquo;all\u00e9gresse. Son \u00e9poux, le Christ, qui a souffert, vient de ressusciter. (&#8230;) R\u00e9jouis-toi, \u00c9glise, \u00c9pouse du Christ ! La r\u00e9surrection de ton \u00c9poux t&rsquo;a relev\u00e9e de terre o\u00f9 les passants te foulaient aux pieds. (&#8230;) \u00d4 merveille ! (&#8230;) Une seule graine a \u00e9t\u00e9 sem\u00e9e, et le monde entier s&rsquo;en [&hellip;]<\/p>\n","protected":false},"author":2,"featured_media":0,"comment_status":"closed","ping_status":"closed","sticky":false,"template":"","format":"standard","meta":{"footnotes":""},"categories":[3,13,1261],"tags":[116,763,953,972],"class_list":["post-21533","post","type-post","status-publish","format-standard","hentry","category-liturgique","category-ecritures","category-enseignement-2","tag-asterius-damasee","tag-paques","tag-samedi-saint","tag-semaine-sainte"],"_links":{"self":[{"href":"https:\/\/www.associationdemarie.org\/blog\/wp-json\/wp\/v2\/posts\/21533","targetHints":{"allow":["GET"]}}],"collection":[{"href":"https:\/\/www.associationdemarie.org\/blog\/wp-json\/wp\/v2\/posts"}],"about":[{"href":"https:\/\/www.associationdemarie.org\/blog\/wp-json\/wp\/v2\/types\/post"}],"author":[{"embeddable":true,"href":"https:\/\/www.associationdemarie.org\/blog\/wp-json\/wp\/v2\/users\/2"}],"replies":[{"embeddable":true,"href":"https:\/\/www.associationdemarie.org\/blog\/wp-json\/wp\/v2\/comments?post=21533"}],"version-history":[{"count":1,"href":"https:\/\/www.associationdemarie.org\/blog\/wp-json\/wp\/v2\/posts\/21533\/revisions"}],"predecessor-version":[{"id":21535,"href":"https:\/\/www.associationdemarie.org\/blog\/wp-json\/wp\/v2\/posts\/21533\/revisions\/21535"}],"wp:attachment":[{"href":"https:\/\/www.associationdemarie.org\/blog\/wp-json\/wp\/v2\/media?parent=21533"}],"wp:term":[{"taxonomy":"category","embeddable":true,"href":"https:\/\/www.associationdemarie.org\/blog\/wp-json\/wp\/v2\/categories?post=21533"},{"taxonomy":"post_tag","embeddable":true,"href":"https:\/\/www.associationdemarie.org\/blog\/wp-json\/wp\/v2\/tags?post=21533"}],"curies":[{"name":"wp","href":"https:\/\/api.w.org\/{rel}","templated":true}]}}