{"id":215,"date":"2009-04-20T20:30:40","date_gmt":"2009-04-20T20:30:40","guid":{"rendered":"http:\/\/preprod.meltem-int.com\/marie\/blog\/?p=215"},"modified":"2009-04-20T20:30:40","modified_gmt":"2009-04-20T20:30:40","slug":"grenadier","status":"publish","type":"post","link":"https:\/\/www.associationdemarie.org\/blog\/grenadier\/","title":{"rendered":"Grenadier"},"content":{"rendered":"<p><img loading=\"lazy\" decoding=\"async\" class=\"alignleft size-medium wp-image-213\" style=\"margin: 10px;\" title=\"grenadier\" src=\"https:\/\/www.associationdemarie.org\/blog\/wp-content\/uploads\/2009\/05\/grenadier-187x300.jpg\" alt=\"grenadier\" width=\"187\" height=\"300\" srcset=\"https:\/\/www.associationdemarie.org\/blog\/wp-content\/uploads\/2009\/05\/grenadier-187x300.jpg 187w, https:\/\/www.associationdemarie.org\/blog\/wp-content\/uploads\/2009\/05\/grenadier.jpg 244w\" sizes=\"auto, (max-width: 187px) 100vw, 187px\" \/><\/p>\n<p>Le grenadier du \u00ab\u00a0latin granatum\u00a0\u00bb de granum, qui signifie pourvue de nombreuses graines. Il est connu aussi sous le nom de pomme ou fruit carthaginois ou milgrani\u00e8r, punica granatum.<\/p>\n<p>En 711, la grenade est introduite en Espagne, par les Arabes et donne son nom \u00e0 la ville de Grenade.<\/p>\n<p>La grenade, est souvent prise comme un symbole de la vierge.<\/p>\n<p>En Provence le fruit s&rsquo;appelle \u00ab\u00a0la miougrano\u00a0\u00bb ce qui veut dite les mille graines en r\u00e9f\u00e9rence aux nombreuses graines rouge translucide qui se cachent sous l&rsquo;\u00e9corce ronde.<\/p>\n<p><img loading=\"lazy\" decoding=\"async\" class=\"alignright size-medium wp-image-214\" style=\"margin: 10px;\" title=\"grenade\" src=\"https:\/\/www.associationdemarie.org\/blog\/wp-content\/uploads\/2009\/05\/grenade-300x225.jpg\" alt=\"grenade\" width=\"300\" height=\"225\" srcset=\"https:\/\/www.associationdemarie.org\/blog\/wp-content\/uploads\/2009\/05\/grenade-300x225.jpg 300w, https:\/\/www.associationdemarie.org\/blog\/wp-content\/uploads\/2009\/05\/grenade.jpg 640w\" sizes=\"auto, (max-width: 300px) 100vw, 300px\" \/>En Inde, la grenade est un attribut de Kubera le dieu de la richesse et de Hariti qui tiennent une grenade \u00e0 la main comme symbole de f\u00e9condit\u00e9.<br \/>\nEn Chine et au Vietnam, la grenade est le symbole de la f\u00e9condit\u00e9 et de la prosp\u00e9rit\u00e9en raison de ses nombreuses graines.<br \/>\nDans la mythologie grecque, le grenadier est le symbole d&rsquo;Aphrodite. Le grenadier na\u00eet quand la d\u00e9esse pose le pied \u00e0 Chypre.<br \/>\nAu Moyen-\u00c2ge, il est un attribut de la Vierge. Au moyen-age elle est repr\u00e9sent\u00e9e sur beaucoup de tissus et d&rsquo;ornements liturgiques.<\/p>\n<p><em>\u00ab Que ne sommes-nous morts de la mort de nos fr\u00e8res devant Yhwh ? Pourquoi nous faire venir dans ce d\u00e9sert pour y mourir nous et nos b\u00eates ? Pourquoi nous avoir sortis d&rsquo;\u00c9gypte ? Nous mettre dans ce lieu de malheur ? Sans terre pour semer sans figuier sans vigne sans grenadier et sans rien \u00e0 boire. \u00bb<\/em> (Nombres, 20, 3-5)<\/p>\n","protected":false},"excerpt":{"rendered":"<p>Le grenadier du \u00ab\u00a0latin granatum\u00a0\u00bb de granum, qui signifie pourvue de nombreuses graines. Il est connu aussi sous le nom de pomme ou fruit carthaginois ou milgrani\u00e8r, punica granatum. En 711, la grenade est introduite en Espagne, par les Arabes et donne son nom \u00e0 la ville de Grenade. La grenade, est souvent prise comme [&hellip;]<\/p>\n","protected":false},"author":2,"featured_media":0,"comment_status":"closed","ping_status":"closed","sticky":false,"template":"","format":"standard","meta":{"footnotes":""},"categories":[13,14,16],"tags":[1208],"class_list":["post-215","post","type-post","status-publish","format-standard","hentry","category-ecritures","category-groupe-prieres","category-jardins-de-la-bible","tag-yhvh"],"_links":{"self":[{"href":"https:\/\/www.associationdemarie.org\/blog\/wp-json\/wp\/v2\/posts\/215","targetHints":{"allow":["GET"]}}],"collection":[{"href":"https:\/\/www.associationdemarie.org\/blog\/wp-json\/wp\/v2\/posts"}],"about":[{"href":"https:\/\/www.associationdemarie.org\/blog\/wp-json\/wp\/v2\/types\/post"}],"author":[{"embeddable":true,"href":"https:\/\/www.associationdemarie.org\/blog\/wp-json\/wp\/v2\/users\/2"}],"replies":[{"embeddable":true,"href":"https:\/\/www.associationdemarie.org\/blog\/wp-json\/wp\/v2\/comments?post=215"}],"version-history":[{"count":0,"href":"https:\/\/www.associationdemarie.org\/blog\/wp-json\/wp\/v2\/posts\/215\/revisions"}],"wp:attachment":[{"href":"https:\/\/www.associationdemarie.org\/blog\/wp-json\/wp\/v2\/media?parent=215"}],"wp:term":[{"taxonomy":"category","embeddable":true,"href":"https:\/\/www.associationdemarie.org\/blog\/wp-json\/wp\/v2\/categories?post=215"},{"taxonomy":"post_tag","embeddable":true,"href":"https:\/\/www.associationdemarie.org\/blog\/wp-json\/wp\/v2\/tags?post=215"}],"curies":[{"name":"wp","href":"https:\/\/api.w.org\/{rel}","templated":true}]}}