{"id":21498,"date":"2022-04-10T01:58:18","date_gmt":"2022-04-10T00:58:18","guid":{"rendered":"http:\/\/www.associationdemarie.org\/blog\/?p=21498"},"modified":"2022-03-20T09:01:06","modified_gmt":"2022-03-20T08:01:06","slug":"dimanche-des-rameaux-et-de-la-passion-5","status":"publish","type":"post","link":"https:\/\/www.associationdemarie.org\/blog\/dimanche-des-rameaux-et-de-la-passion-5\/","title":{"rendered":"Dimanche des Rameaux et de la Passion"},"content":{"rendered":"<p><img loading=\"lazy\" decoding=\"async\" class=\"aligncenter  wp-image-21499\" src=\"https:\/\/www.associationdemarie.org\/blog\/wp-content\/uploads\/2022\/03\/10-04_rameaux.jpg\" alt=\"\" width=\"481\" height=\"268\" srcset=\"https:\/\/www.associationdemarie.org\/blog\/wp-content\/uploads\/2022\/03\/10-04_rameaux.jpg 550w, https:\/\/www.associationdemarie.org\/blog\/wp-content\/uploads\/2022\/03\/10-04_rameaux-300x167.jpg 300w\" sizes=\"auto, (max-width: 481px) 100vw, 481px\" \/><\/p>\n<p>Voici que notre Bien-aim\u00e9, la grappe de cypre, le bouquet de myrrhe (Ct 1,12-13), apr\u00e8s avoir c\u00e9l\u00e9br\u00e9 le festin riche et raffin\u00e9, et chant\u00e9 l\u2019hymne sort avec ses disciples vers le Mont des Oliviers. L\u00e0, il passe sans dormir toute la nuit, pr\u00e9occup\u00e9 d\u2019accomplir l\u2019\u0153uvre de notre salut ; s\u2019\u00e9loigne des ap\u00f4tres, commence \u00e0 \u00eatre triste jusqu\u2019\u00e0 en mourir, plie ses genoux devant son P\u00e8re et demande, s\u2019il est possible, que cette heure passe loin de lui, mais soumet sa volont\u00e9 \u00e0 celle du P\u00e8re (cf. Mt 26,38-39). Entr\u00e9 en agonie, il \u00e9mane de son front une sueur de sang (cf. Lc 22,44).<\/p>\n<p>Apr\u00e8s cela, il est trahi avec un baiser par un de ses disciples, est saisi et emmen\u00e9 comme un malfaiteur. Son visage est voil\u00e9, puis couvert de crachats et sa barbe arrach\u00e9e. Il est frapp\u00e9 \u00e0 la t\u00eate avec un roseau et gifl\u00e9, flagell\u00e9 \u00e0 la colonne, couronn\u00e9 d\u2019\u00e9pines, condamn\u00e9 \u00e0 mort. On charge sur ses \u00e9paules le bois de la croix, puis il s\u2019achemine vers le Calvaire, est d\u00e9pouill\u00e9 de ses v\u00eatements, crucifi\u00e9 nu entre deux larrons, abreuv\u00e9 de fiel et de vinaigre, insult\u00e9, blasph\u00e9m\u00e9 par les passants.<\/p>\n<p>Que peut-on encore lui ajouter ? La Vie meurt pour les morts que nous sommes. \u00d4 yeux de notre Bien-aim\u00e9, ferm\u00e9s dans la mort ! Visage dans lequel les anges aiment fixer leur regard, pench\u00e9 et exsangue. L\u00e8vre, rayon de miel qui distille des paroles de vie \u00e9ternelle, devenues livides ! Chef qui fait trembler les anges, qui pend inclin\u00e9 ! Mains dont le toucher fit dispara\u00eetre la l\u00e8pre, rendit la vue, chassa le d\u00e9mon, multiplia les pains ! Ces mains sont perc\u00e9es par les clous, baign\u00e9es de sang !<\/p>\n<p>Fr\u00e8re bien-aim\u00e9s, recueillons toutes ces choses, composons un bouquet de myrrhe, posons-le sur notre poitrine, portons-le dans notre c\u0153ur, (\u2026) pour pouvoir ressusciter avec lui le troisi\u00e8me jour. Que nous obtienne tout cela celui qui est b\u00e9ni dans les si\u00e8cles. Amen !<\/p>\n<h3 class=\"GospelCommentaryAuthor-name commentary-author font-2\">Saint Antoine de Padoue (v. 1195-1231)<\/h3>\n<p>&nbsp;<\/p>\n<p>&nbsp;<\/p>\n<p>&nbsp;<\/p>\n","protected":false},"excerpt":{"rendered":"<p>Voici que notre Bien-aim\u00e9, la grappe de cypre, le bouquet de myrrhe (Ct 1,12-13), apr\u00e8s avoir c\u00e9l\u00e9br\u00e9 le festin riche et raffin\u00e9, et chant\u00e9 l\u2019hymne sort avec ses disciples vers le Mont des Oliviers. L\u00e0, il passe sans dormir toute la nuit, pr\u00e9occup\u00e9 d\u2019accomplir l\u2019\u0153uvre de notre salut ; s\u2019\u00e9loigne des ap\u00f4tres, commence \u00e0 \u00eatre [&hellip;]<\/p>\n","protected":false},"author":2,"featured_media":0,"comment_status":"closed","ping_status":"closed","sticky":false,"template":"","format":"standard","meta":{"footnotes":""},"categories":[3,26,28],"tags":[184,777,830,862,972,1010],"class_list":["post-21498","post","type-post","status-publish","format-standard","hentry","category-liturgique","category-priere-des-ames","category-saints-et-saintes","tag-careme","tag-passion","tag-priere","tag-rameaux","tag-semaine-sainte","tag-st-antoine-de-padoue"],"_links":{"self":[{"href":"https:\/\/www.associationdemarie.org\/blog\/wp-json\/wp\/v2\/posts\/21498","targetHints":{"allow":["GET"]}}],"collection":[{"href":"https:\/\/www.associationdemarie.org\/blog\/wp-json\/wp\/v2\/posts"}],"about":[{"href":"https:\/\/www.associationdemarie.org\/blog\/wp-json\/wp\/v2\/types\/post"}],"author":[{"embeddable":true,"href":"https:\/\/www.associationdemarie.org\/blog\/wp-json\/wp\/v2\/users\/2"}],"replies":[{"embeddable":true,"href":"https:\/\/www.associationdemarie.org\/blog\/wp-json\/wp\/v2\/comments?post=21498"}],"version-history":[{"count":2,"href":"https:\/\/www.associationdemarie.org\/blog\/wp-json\/wp\/v2\/posts\/21498\/revisions"}],"predecessor-version":[{"id":21501,"href":"https:\/\/www.associationdemarie.org\/blog\/wp-json\/wp\/v2\/posts\/21498\/revisions\/21501"}],"wp:attachment":[{"href":"https:\/\/www.associationdemarie.org\/blog\/wp-json\/wp\/v2\/media?parent=21498"}],"wp:term":[{"taxonomy":"category","embeddable":true,"href":"https:\/\/www.associationdemarie.org\/blog\/wp-json\/wp\/v2\/categories?post=21498"},{"taxonomy":"post_tag","embeddable":true,"href":"https:\/\/www.associationdemarie.org\/blog\/wp-json\/wp\/v2\/tags?post=21498"}],"curies":[{"name":"wp","href":"https:\/\/api.w.org\/{rel}","templated":true}]}}