{"id":21494,"date":"2022-04-09T01:54:08","date_gmt":"2022-04-09T00:54:08","guid":{"rendered":"http:\/\/www.associationdemarie.org\/blog\/?p=21494"},"modified":"2022-03-19T06:56:36","modified_gmt":"2022-03-19T05:56:36","slug":"il-vaut-mieux-quun-seul-homme-meure-pour-le-peuple-3","status":"publish","type":"post","link":"https:\/\/www.associationdemarie.org\/blog\/il-vaut-mieux-quun-seul-homme-meure-pour-le-peuple-3\/","title":{"rendered":"\u00ab Il vaut mieux qu&rsquo;un seul homme meure pour le peuple. \u00bb"},"content":{"rendered":"<p><img loading=\"lazy\" decoding=\"async\" class=\"aligncenter  wp-image-21495\" src=\"https:\/\/www.associationdemarie.org\/blog\/wp-content\/uploads\/2022\/03\/9-04.jpg\" alt=\"\" width=\"465\" height=\"279\" srcset=\"https:\/\/www.associationdemarie.org\/blog\/wp-content\/uploads\/2022\/03\/9-04.jpg 1360w, https:\/\/www.associationdemarie.org\/blog\/wp-content\/uploads\/2022\/03\/9-04-300x180.jpg 300w, https:\/\/www.associationdemarie.org\/blog\/wp-content\/uploads\/2022\/03\/9-04-768x461.jpg 768w, https:\/\/www.associationdemarie.org\/blog\/wp-content\/uploads\/2022\/03\/9-04-1024x614.jpg 1024w\" sizes=\"auto, (max-width: 465px) 100vw, 465px\" \/><\/p>\n<p>Afin de blanchir la multitude, un seul s&rsquo;est laiss\u00e9 noircir (&#8230;), car \u00ab il est bon, dit l&rsquo;\u00c9criture, qu&rsquo;un seul homme meure pour le peuple \u00bb. Il est bon qu&rsquo;un seul prenne \u00ab la ressemblance de la chair de p\u00e9ch\u00e9 \u00bb (Rm 8,3), et que toute la race ne soit pas condamn\u00e9e pour le p\u00e9ch\u00e9. La splendeur de l&rsquo;essence divine se voile donc en la forme d&rsquo;esclave, pour sauver la vie de l&rsquo;esclave. L&rsquo;\u00e9clat de la vie \u00e9ternelle s&rsquo;assombrit dans la chair pour purifier la chair. Pour \u00e9clairer les fils des hommes, le plus beau des enfants des hommes (Ps 44,3) doit s&rsquo;obscurcir dans sa Passion, accepter la honte de la croix. Exsangue dans la mort, qu&rsquo;il perde toute beaut\u00e9, tout honneur, pour s&rsquo;acqu\u00e9rir, belle et glorieuse, son \u00c9pouse sans tache ni ride, l&rsquo;\u00c9glise (Ep 5,27).<\/p>\n<p>Mais sous cette tente noire (Ct 1,5) (&#8230;), je reconnais le roi. (&#8230;) Je le reconnais et je l&#8217;embrasse. Je vois sa gloire qui est \u00e0 l&rsquo;int\u00e9rieur ; je devine l&rsquo;\u00e9clat de sa divinit\u00e9, la beaut\u00e9 de sa force, la splendeur de sa gr\u00e2ce, la puret\u00e9 de son innocence. La couleur mis\u00e9rable de l&rsquo;infirmit\u00e9 humaine le couvre ; son visage est comme cach\u00e9, d\u00e9fait, \u00e0 l&rsquo;heure o\u00f9 pour nous ressembler il est \u00e9prouv\u00e9 comme nous, mais n&rsquo;a pas p\u00e9ch\u00e9.<\/p>\n<p>Je reconnais aussi la forme de notre nature souill\u00e9e, je reconnais cette tunique de peau, le v\u00eatement de nos premiers parents (Gn 3,21). Mon Dieu s&rsquo;en est rev\u00eatu, prenant la forme de l&rsquo;esclave, devenu semblable aux hommes (Ph 2,7) et habill\u00e9 comme eux. Sous cette peau de chevreau, signe du p\u00e9ch\u00e9, dont se couvrit Jacob (Gn 27,16), je reconnais la main qui n&rsquo;a pas p\u00e9ch\u00e9, la nuque jamais courb\u00e9e sous l&#8217;emprise du mal. Je sais, Seigneur, que par nature tu es doux, humble de c\u0153ur, abordable, paisible, souriant, toi qui as \u00e9t\u00e9 \u00ab oint de l&rsquo;huile de joie plus que tes compagnons \u00bb (Mt 11,29 ;Ps 44,8). D&rsquo;o\u00f9 te vient donc cette rude ressemblance d&rsquo;\u00c9sa\u00fc, cette affreuse apparence du p\u00e9ch\u00e9 ? Ah, c&rsquo;est la mienne ! (&#8230;) Je reconnais mon bien, et sous mon visage je vois mon Dieu, mon Sauveur.<\/p>\n<h3 class=\"GospelCommentaryAuthor-name commentary-author font-2\">Saint Bernard (1091-1153)<\/h3>\n<p>&nbsp;<\/p>\n<p>&nbsp;<\/p>\n<p>&nbsp;<\/p>\n","protected":false},"excerpt":{"rendered":"<p>Afin de blanchir la multitude, un seul s&rsquo;est laiss\u00e9 noircir (&#8230;), car \u00ab il est bon, dit l&rsquo;\u00c9criture, qu&rsquo;un seul homme meure pour le peuple \u00bb. Il est bon qu&rsquo;un seul prenne \u00ab la ressemblance de la chair de p\u00e9ch\u00e9 \u00bb (Rm 8,3), et que toute la race ne soit pas condamn\u00e9e pour le p\u00e9ch\u00e9. [&hellip;]<\/p>\n","protected":false},"author":2,"featured_media":0,"comment_status":"closed","ping_status":"closed","sticky":false,"template":"","format":"standard","meta":{"footnotes":""},"categories":[13,1261],"tags":[184,495,536,777,871,1017],"class_list":["post-21494","post","type-post","status-publish","format-standard","hentry","category-ecritures","category-enseignement-2","tag-careme","tag-incarnation","tag-jesus-christ","tag-passion","tag-redempteur","tag-st-bernard"],"_links":{"self":[{"href":"https:\/\/www.associationdemarie.org\/blog\/wp-json\/wp\/v2\/posts\/21494","targetHints":{"allow":["GET"]}}],"collection":[{"href":"https:\/\/www.associationdemarie.org\/blog\/wp-json\/wp\/v2\/posts"}],"about":[{"href":"https:\/\/www.associationdemarie.org\/blog\/wp-json\/wp\/v2\/types\/post"}],"author":[{"embeddable":true,"href":"https:\/\/www.associationdemarie.org\/blog\/wp-json\/wp\/v2\/users\/2"}],"replies":[{"embeddable":true,"href":"https:\/\/www.associationdemarie.org\/blog\/wp-json\/wp\/v2\/comments?post=21494"}],"version-history":[{"count":2,"href":"https:\/\/www.associationdemarie.org\/blog\/wp-json\/wp\/v2\/posts\/21494\/revisions"}],"predecessor-version":[{"id":21497,"href":"https:\/\/www.associationdemarie.org\/blog\/wp-json\/wp\/v2\/posts\/21494\/revisions\/21497"}],"wp:attachment":[{"href":"https:\/\/www.associationdemarie.org\/blog\/wp-json\/wp\/v2\/media?parent=21494"}],"wp:term":[{"taxonomy":"category","embeddable":true,"href":"https:\/\/www.associationdemarie.org\/blog\/wp-json\/wp\/v2\/categories?post=21494"},{"taxonomy":"post_tag","embeddable":true,"href":"https:\/\/www.associationdemarie.org\/blog\/wp-json\/wp\/v2\/tags?post=21494"}],"curies":[{"name":"wp","href":"https:\/\/api.w.org\/{rel}","templated":true}]}}