{"id":21491,"date":"2022-04-08T01:48:05","date_gmt":"2022-04-08T00:48:05","guid":{"rendered":"http:\/\/www.associationdemarie.org\/blog\/?p=21491"},"modified":"2022-03-18T08:51:04","modified_gmt":"2022-03-18T07:51:04","slug":"il-est-ecrit-dans-votre-loi-jai-dit-vous-etes-des-dieux-2","status":"publish","type":"post","link":"https:\/\/www.associationdemarie.org\/blog\/il-est-ecrit-dans-votre-loi-jai-dit-vous-etes-des-dieux-2\/","title":{"rendered":"\u00ab Il est \u00e9crit dans votre Loi : \u2018J&rsquo;ai dit : Vous \u00eates des dieux\u2019 .\u00bb"},"content":{"rendered":"<p><img loading=\"lazy\" decoding=\"async\" class=\"aligncenter  wp-image-21492\" src=\"https:\/\/www.associationdemarie.org\/blog\/wp-content\/uploads\/2022\/03\/8-04.jpg\" alt=\"\" width=\"464\" height=\"309\" srcset=\"https:\/\/www.associationdemarie.org\/blog\/wp-content\/uploads\/2022\/03\/8-04.jpg 620w, https:\/\/www.associationdemarie.org\/blog\/wp-content\/uploads\/2022\/03\/8-04-300x200.jpg 300w\" sizes=\"auto, (max-width: 464px) 100vw, 464px\" \/><\/p>\n<p>\u00ab Dieu dit : faisons l&rsquo;homme \u00e0 notre image, selon notre ressemblance \u00bb (Gn 1,26). Comme si le Cr\u00e9ateur entrait en lui-m\u00eame ; comme si, en cr\u00e9ant, non seulement il appelait du n\u00e9ant \u00e0 l&rsquo;existence en disant : \u00ab Qu&rsquo;il soit ! \u00bb, mais, d&rsquo;une fa\u00e7on particuli\u00e8re, il tirait l&rsquo;homme du myst\u00e8re de son propre \u00eatre. Cela est compr\u00e9hensible parce qu&rsquo;il ne s&rsquo;agit pas seulement de l&rsquo;\u00eatre, mais de l&rsquo;image. L&rsquo;image doit reproduire, en un certain sens, \u00ab la substance \u00bb de son prototype. (&#8230;) Il est \u00e9vident que cette ressemblance ne doit pas \u00eatre entendue comme un \u00ab portrait \u00bb, mais comme le fait pour un \u00eatre vivant d&rsquo;avoir une vie semblable \u00e0 celle de Dieu. (&#8230;)<\/p>\n<p>En d\u00e9finissant l&rsquo;homme comme \u00ab image de Dieu \u00bb, le livre de la Gen\u00e8se met en \u00e9vidence ce par quoi l&rsquo;homme est homme, ce par quoi il est un \u00eatre distinct de toutes les autres cr\u00e9atures du monde visible. La science, on le sait, a fait et continue de faire, dans diff\u00e9rents domaines, de nombreuses tentatives pour montrer les liens de l&rsquo;homme avec le monde naturel, pour montrer sa d\u00e9pendance de ce monde, afin de l&rsquo;ins\u00e9rer dans l&rsquo;histoire de l&rsquo;\u00e9volution des diff\u00e9rentes esp\u00e8ces.<\/p>\n<p>Tout en respectant ces recherches, nous ne pouvons pas nous limiter \u00e0 elles. Si nous analysons l&rsquo;homme au plus profond de son \u00eatre, nous voyons qu&rsquo;il se diff\u00e9rencie du monde de la nature plus qu&rsquo;il ne lui ressemble. C&rsquo;est \u00e9galement dans ce sens que proc\u00e8dent l&rsquo;anthropologie et la philosophie lorsqu&rsquo;elles cherchent \u00e0 analyser et \u00e0 comprendre l&rsquo;intelligence, la libert\u00e9, la conscience et la spiritualit\u00e9 de l&rsquo;homme. Le livre de la Gen\u00e8se semble aller au-devant de toutes ces exp\u00e9riences de la science et, en disant de l&rsquo;homme qu&rsquo;il est \u00ab image de Dieu \u00bb, il fait comprendre que la r\u00e9ponse au myst\u00e8re de son humanit\u00e9 ne doit pas \u00eatre cherch\u00e9e dans sa ressemblance avec le monde de la nature. L&rsquo;homme ressemble plus \u00e0 Dieu qu&rsquo;\u00e0 la nature. C&rsquo;est en ce sens que le psaume dit : \u00ab Vous \u00eates des dieux ! \u00bb (Ps 82,6), paroles que J\u00e9sus reprendra (Cf. Jn 10,34).<\/p>\n<h3 class=\"GospelCommentaryAuthor-name commentary-author font-2\">Saint Jean-Paul II (1920-2005)<\/h3>\n<p>&nbsp;<\/p>\n<p>&nbsp;<\/p>\n","protected":false},"excerpt":{"rendered":"<p>\u00ab Dieu dit : faisons l&rsquo;homme \u00e0 notre image, selon notre ressemblance \u00bb (Gn 1,26). Comme si le Cr\u00e9ateur entrait en lui-m\u00eame ; comme si, en cr\u00e9ant, non seulement il appelait du n\u00e9ant \u00e0 l&rsquo;existence en disant : \u00ab Qu&rsquo;il soit ! \u00bb, mais, d&rsquo;une fa\u00e7on particuli\u00e8re, il tirait l&rsquo;homme du myst\u00e8re de son propre [&hellip;]<\/p>\n","protected":false},"author":2,"featured_media":0,"comment_status":"closed","ping_status":"closed","sticky":false,"template":"","format":"standard","meta":{"footnotes":""},"categories":[13,1261,16,28],"tags":[269,448,479,1253],"class_list":["post-21491","post","type-post","status-publish","format-standard","hentry","category-ecritures","category-enseignement-2","category-jardins-de-la-bible","category-saints-et-saintes","tag-creation","tag-genese","tag-homme","tag-st-jean-paul-2"],"_links":{"self":[{"href":"https:\/\/www.associationdemarie.org\/blog\/wp-json\/wp\/v2\/posts\/21491","targetHints":{"allow":["GET"]}}],"collection":[{"href":"https:\/\/www.associationdemarie.org\/blog\/wp-json\/wp\/v2\/posts"}],"about":[{"href":"https:\/\/www.associationdemarie.org\/blog\/wp-json\/wp\/v2\/types\/post"}],"author":[{"embeddable":true,"href":"https:\/\/www.associationdemarie.org\/blog\/wp-json\/wp\/v2\/users\/2"}],"replies":[{"embeddable":true,"href":"https:\/\/www.associationdemarie.org\/blog\/wp-json\/wp\/v2\/comments?post=21491"}],"version-history":[{"count":1,"href":"https:\/\/www.associationdemarie.org\/blog\/wp-json\/wp\/v2\/posts\/21491\/revisions"}],"predecessor-version":[{"id":21493,"href":"https:\/\/www.associationdemarie.org\/blog\/wp-json\/wp\/v2\/posts\/21491\/revisions\/21493"}],"wp:attachment":[{"href":"https:\/\/www.associationdemarie.org\/blog\/wp-json\/wp\/v2\/media?parent=21491"}],"wp:term":[{"taxonomy":"category","embeddable":true,"href":"https:\/\/www.associationdemarie.org\/blog\/wp-json\/wp\/v2\/categories?post=21491"},{"taxonomy":"post_tag","embeddable":true,"href":"https:\/\/www.associationdemarie.org\/blog\/wp-json\/wp\/v2\/tags?post=21491"}],"curies":[{"name":"wp","href":"https:\/\/api.w.org\/{rel}","templated":true}]}}