{"id":21486,"date":"2022-04-07T01:08:03","date_gmt":"2022-04-07T00:08:03","guid":{"rendered":"http:\/\/www.associationdemarie.org\/blog\/?p=21486"},"modified":"2022-03-17T07:10:50","modified_gmt":"2022-03-17T06:10:50","slug":"abraham-a-vu-mon-jour-et-il-a-ete-dans-la-joie-2","status":"publish","type":"post","link":"https:\/\/www.associationdemarie.org\/blog\/abraham-a-vu-mon-jour-et-il-a-ete-dans-la-joie-2\/","title":{"rendered":"\u00ab Abraham a vu mon jour, et il a \u00e9t\u00e9 dans la joie. \u00bb"},"content":{"rendered":"<p><img loading=\"lazy\" decoding=\"async\" class=\"aligncenter wp-image-21487\" src=\"https:\/\/www.associationdemarie.org\/blog\/wp-content\/uploads\/2022\/03\/7-04-la-promesse-de-dieu-a-abram.png\" alt=\"\" width=\"474\" height=\"305\" \/><\/p>\n<p>\u00c0 cause de leur \u00e2ge, Abraham et sa femme \u00e9taient devenus incapables de donner la vie ; dans leurs corps \u00e0 tous deux, la jeunesse s&rsquo;\u00e9tait \u00e9teinte, mais leur espoir en Dieu restait bien vivant ; il ne faiblissait pas, il \u00e9tait indestructible.<\/p>\n<p>C&rsquo;est pourquoi Abraham, contre toute esp\u00e9rance, engendra Isaac, qui a \u00e9t\u00e9 une figure accomplie du Seigneur. Il n&rsquo;\u00e9tait pas naturel, en effet, que le sein d\u00e9j\u00e0 mort de Sarah puisse concevoir Isaac et qu&rsquo;elle le nourrisse de son lait ; il ne l&rsquo;\u00e9tait pas davantage que la Vierge Marie, sans conna\u00eetre d&rsquo;homme, con\u00e7oive le Sauveur du monde, et l&rsquo;enfante sans perdre son int\u00e9grit\u00e9&#8230; Devant la tente, l&rsquo;ange avait dit au patriarche : \u00ab L&rsquo;an prochain, \u00e0 pareille \u00e9poque, Sarah aura un fils \u00bb (Gn 18,14). L&rsquo;ange aussi&#8230;dit \u00e0 Marie : \u00ab Voici que la Combl\u00e9e-de-Gr\u00e2ce va engendrer un fils \u00bb (Lc 1,28.31). Sarah avait ri en pensant \u00e0 sa st\u00e9rilit\u00e9, en regardant son \u00e2ge (v.12) ; sans croire \u00e0 la parole, elle s&rsquo;\u00e9tait \u00e9cri\u00e9e : \u00ab Comment Abraham et moi pourrions-nous avoir un enfant ? Nous sommes us\u00e9s tous les deux ! \u00bb Marie, en songeant \u00e0 la virginit\u00e9 qu&rsquo;elle voulait garder, h\u00e9sitait ; elle a dit : \u00ab Comment cela va-t-il se faire puisque je ne connais point d&rsquo;homme ? \u00bb (Lc 1,34) La promesse \u00e9tait, certes, contre nature, mais celui qui, contre toute esp\u00e9rance, avait donn\u00e9 Isaac \u00e0 Sarah, est vraiment n\u00e9 lui-m\u00eame, selon la chair, de la Vierge Marie.<\/p>\n<p>Lorsqu&rsquo;Isaac a vu le jour selon la parole de Dieu, Sarah et Abraham ont \u00e9t\u00e9 remplis de joie. Lorsque J\u00e9sus est venu au monde selon l&rsquo;annonce de Gabriel, Marie et Joseph ont \u00e9t\u00e9 dans l&rsquo;all\u00e9gresse&#8230; \u00ab Qui aurait dit \u00e0 Abraham que Sarah dans sa vieillesse allaiterait un fils ? \u00bb s&rsquo;exclamait la st\u00e9rile. \u00ab Qui aurait dit au monde que de mon sein virginal je nourrirais un enfant avec mon lait ? \u00bb s&rsquo;\u00e9criait Marie. En fait, ce n&rsquo;est pas \u00e0 cause d&rsquo;Isaac que Sarah s&rsquo;est mise \u00e0 rire, mais \u00e0 cause de celui qui est n\u00e9 de Marie ; et comme Jean Baptiste a manifest\u00e9 sa joie par son tressaillement dans le sein de sa m\u00e8re, Sarah a manifest\u00e9 la sienne en riant.<\/p>\n<h3 class=\"GospelCommentaryAuthor-name commentary-author font-2\">Saint \u00c9phrem (v. 306-373)<\/h3>\n<p>&nbsp;<\/p>\n<p>&nbsp;<\/p>\n","protected":false},"excerpt":{"rendered":"<p>\u00c0 cause de leur \u00e2ge, Abraham et sa femme \u00e9taient devenus incapables de donner la vie ; dans leurs corps \u00e0 tous deux, la jeunesse s&rsquo;\u00e9tait \u00e9teinte, mais leur espoir en Dieu restait bien vivant ; il ne faiblissait pas, il \u00e9tait indestructible. C&rsquo;est pourquoi Abraham, contre toute esp\u00e9rance, engendra Isaac, qui a \u00e9t\u00e9 une [&hellip;]<\/p>\n","protected":false},"author":2,"featured_media":0,"comment_status":"closed","ping_status":"closed","sticky":false,"template":"","format":"standard","meta":{"footnotes":""},"categories":[13,28],"tags":[32,707,1611,1028],"class_list":["post-21486","post","type-post","status-publish","format-standard","hentry","category-ecritures","category-saints-et-saintes","tag-abraham","tag-nativite","tag-sarah","tag-st-ephrem"],"_links":{"self":[{"href":"https:\/\/www.associationdemarie.org\/blog\/wp-json\/wp\/v2\/posts\/21486","targetHints":{"allow":["GET"]}}],"collection":[{"href":"https:\/\/www.associationdemarie.org\/blog\/wp-json\/wp\/v2\/posts"}],"about":[{"href":"https:\/\/www.associationdemarie.org\/blog\/wp-json\/wp\/v2\/types\/post"}],"author":[{"embeddable":true,"href":"https:\/\/www.associationdemarie.org\/blog\/wp-json\/wp\/v2\/users\/2"}],"replies":[{"embeddable":true,"href":"https:\/\/www.associationdemarie.org\/blog\/wp-json\/wp\/v2\/comments?post=21486"}],"version-history":[{"count":3,"href":"https:\/\/www.associationdemarie.org\/blog\/wp-json\/wp\/v2\/posts\/21486\/revisions"}],"predecessor-version":[{"id":21490,"href":"https:\/\/www.associationdemarie.org\/blog\/wp-json\/wp\/v2\/posts\/21486\/revisions\/21490"}],"wp:attachment":[{"href":"https:\/\/www.associationdemarie.org\/blog\/wp-json\/wp\/v2\/media?parent=21486"}],"wp:term":[{"taxonomy":"category","embeddable":true,"href":"https:\/\/www.associationdemarie.org\/blog\/wp-json\/wp\/v2\/categories?post=21486"},{"taxonomy":"post_tag","embeddable":true,"href":"https:\/\/www.associationdemarie.org\/blog\/wp-json\/wp\/v2\/tags?post=21486"}],"curies":[{"name":"wp","href":"https:\/\/api.w.org\/{rel}","templated":true}]}}