{"id":2148,"date":"2011-01-10T01:27:49","date_gmt":"2011-01-10T01:27:49","guid":{"rendered":"http:\/\/preprod.meltem-int.com\/marie\/blog\/?p=2148"},"modified":"2011-01-10T01:27:49","modified_gmt":"2011-01-10T01:27:49","slug":"signe","status":"publish","type":"post","link":"https:\/\/www.associationdemarie.org\/blog\/signe\/","title":{"rendered":"Signe"},"content":{"rendered":"<p><a href=\"https:\/\/www.associationdemarie.org\/blog\/wp-content\/uploads\/2011\/01\/jesus-et-jean-le-baptiste.jpg.gif\"><img loading=\"lazy\" decoding=\"async\" class=\"alignleft size-medium wp-image-2151\" title=\"jesus-et-jean-le-baptiste.jpg\" src=\"https:\/\/www.associationdemarie.org\/blog\/wp-content\/uploads\/2011\/01\/jesus-et-jean-le-baptiste.jpg-224x300.gif\" alt=\"\" width=\"134\" height=\"180\" \/><\/a><strong>Paroles de J\u00e9sus<\/strong> :<\/p>\n<p>\u00ab\u00a0Jean n&rsquo;avait pas besoin de signe pour lui-m\u00eame. Son esprit, pr\u00e9sanctifi\u00e9 d\u00e8s le sein de sa m\u00e8re \u00e9tait en possession de cette vue de l&rsquo;intelligence surnaturelle qui aurait \u00e9t\u00e9 le lot de tous les hommes sans la faute d&rsquo;Adam.<\/p>\n<p>Si l&rsquo;homme \u00e9tait rest\u00e9 en \u00e9tat de gr\u00e2ce, dans l&rsquo;innocence et la fid\u00e9lit\u00e9 \u00e0 son Cr\u00e9ateur, il aurait vu Dieu \u00e0 travers les apparences ext\u00e9rieures. On dit dans la Gen\u00e8se que le Seigneur Dieu parlait famili\u00e8rement avec l&rsquo;homme innocent et que l&rsquo;homme ne s&rsquo;\u00e9vanouissait pas en entendant cette voix et la discernait sans se tromper. Tel \u00e9tait le sort de l&rsquo;homme\u00a0: voir et comprendre Dieu, comme un fils \u00e0 l&rsquo;\u00e9gard de son p\u00e8re. Puis la faute est venue et l&rsquo;homme n&rsquo;a plus os\u00e9 regarder Dieu, n&rsquo;a pu savoir d\u00e9couvrir et comprendre Dieu. <em>Et il le sait de moins en moins.<\/em><\/p>\n<p>Mais Jean, mon cousin Jean, avait \u00e9t\u00e9 purifi\u00e9 de la faute quand la Pleine de Gr\u00e2ce s&rsquo;\u00e9tait pench\u00e9e avec amour pour embrasser celle qui autrefois st\u00e9rile \u00e9tait devenue f\u00e9conde, \u00c9lisabeth. Le b\u00e9b\u00e9 avait saut\u00e9 de joie dans son sein en sentant les \u00e9cailles de la faute tomber de son \u00e2me comme une cro\u00fbte qui tombe d&rsquo;une plaie au moment de la, gu\u00e9rison. L&rsquo;Esprit Saint qui avait fait de Marie la M\u00e8re du Sauveur commen\u00e7a Son \u0153uvre de salut \u00e0 travers Marie, Ciboire Vivant du Salut Incarn\u00e9 pour cet enfant qui allait na\u00eetre, destin\u00e9 \u00e0 M&rsquo;\u00eatre uni, non pas tant par le sang que par la mission qui fit de nous comme les l\u00e8vres qui forment la Parole. Jean c&rsquo;\u00e9tait les l\u00e8vres et Moi la Parole. Lui le Pr\u00e9curseur dans l&rsquo;\u00c9vangile et sa destin\u00e9e de martyr. Moi, Celui qui donne Ma divine perfection \u00e0 l&rsquo;\u00c9vangile inaugur\u00e9 par Jean et son martyre pour la d\u00e9fense de la Loi de Dieu.<\/p>\n<p>Jean n&rsquo;avait besoin d&rsquo;aucun signe, mais pour l&rsquo;\u00e9paisseur de l&rsquo;esprit des autres, un signe \u00e9tait n\u00e9cessaire. Sur quoi Jean aurait-il fond\u00e9 son affirmation sinon sur une preuve irr\u00e9cusable que les yeux des hommes lents \u00e0 voir et les oreilles paresseuses auraient per\u00e7ue\u00a0?<\/p>\n<p>Moi, \u00e9galement, je n&rsquo;avais pas besoin de bapt\u00eame. Mais la Sagesse du Seigneur avait jug\u00e9 que ce devait \u00eatre l&rsquo;instant et la fa\u00e7on de se rencontrer. En faisant sortir Jean de sa grotte dans le d\u00e9sert et Moi de Ma maison, il nous unit en ce moment pour ouvrir sur Moi le Ciel et en faire descendre Soi-M\u00eame, Colombe Divine, sur Celui qui aurait \u00e0 baptiser les hommes avec cette Colombe et faire descendre du Ciel l&rsquo;annonce encore plus puissante de cette ang\u00e9lique pens\u00e9e de Mon P\u00e8re : \u00a0\u00bb Voici mon Fils Bien Aim\u00e9, en qui je me suis complu \u00ab\u00a0. C&rsquo;est pour que les hommes n&rsquo;eussent pas d&rsquo;excuse ou de doute pour savoir s&rsquo;ils devraient Me suivre ou non.<\/p>\n<p>Les manifestations du Christ ont \u00e9t\u00e9 nombreuses. La premi\u00e8re, apr\u00e8s la naissance fut celle des Mages, la seconde au Temple, la troisi\u00e8me sur les rives du Jourdain. Puis vinrent les autres manifestations innombrables que je te ferai conna\u00eetre parce que Mes miracles sont des manifestations de Ma nature divine jusqu&rsquo;aux derniers, de Ma R\u00e9surrection et de Mon Ascension au Ciel. Ma patrie fut combl\u00e9e de Mes manifestations. Comme des semences jet\u00e9es aux quatre points cardinaux, elles arriv\u00e8rent en toute couche et tout endroit de la vie\u00a0: aux bergers, aux puissants, aux savants, aux incr\u00e9dules, aux p\u00e9cheurs, aux pr\u00eatres, aux dominateurs, aux enfants, aux soldats, aux H\u00e9breux, aux Gentils.<\/p>\n<p>Maintenant encore, elles se r\u00e9p\u00e8tent, mais comme alors le monde ne les accepte pas ou plut\u00f4t il n&rsquo;accueille pas les miracles actuels et il oublie ceux du pass\u00e9. Eh bien, Je ne renonce pas. Je me r\u00e9p\u00e8te pour vous sauver, pour vous amener \u00e0 la foi en Moi.\u00a0\u00bb<\/p>\n<p>De l&rsquo;Evangile selon Maria Valtorta<\/p>\n<p><span style=\"color: #ffffff;\">.<\/span><\/p>\n","protected":false},"excerpt":{"rendered":"<p>Paroles de J\u00e9sus : \u00ab\u00a0Jean n&rsquo;avait pas besoin de signe pour lui-m\u00eame. Son esprit, pr\u00e9sanctifi\u00e9 d\u00e8s le sein de sa m\u00e8re \u00e9tait en possession de cette vue de l&rsquo;intelligence surnaturelle qui aurait \u00e9t\u00e9 le lot de tous les hommes sans la faute d&rsquo;Adam. Si l&rsquo;homme \u00e9tait rest\u00e9 en \u00e9tat de gr\u00e2ce, dans l&rsquo;innocence et la [&hellip;]<\/p>\n","protected":false},"author":2,"featured_media":0,"comment_status":"closed","ping_status":"closed","sticky":false,"template":"","format":"standard","meta":{"footnotes":""},"categories":[3,13,28],"tags":[40,131,241,295,378,448,535,548,634,811,1042],"class_list":["post-2148","post","type-post","status-publish","format-standard","hentry","category-liturgique","category-ecritures","category-saints-et-saintes","tag-adam","tag-bapteme","tag-colombe","tag-dieu","tag-esprit-saint","tag-genese","tag-jesus","tag-jourdain","tag-maria-valtorta","tag-pleine-de-grace","tag-st-jean-baptiste"],"_links":{"self":[{"href":"https:\/\/www.associationdemarie.org\/blog\/wp-json\/wp\/v2\/posts\/2148","targetHints":{"allow":["GET"]}}],"collection":[{"href":"https:\/\/www.associationdemarie.org\/blog\/wp-json\/wp\/v2\/posts"}],"about":[{"href":"https:\/\/www.associationdemarie.org\/blog\/wp-json\/wp\/v2\/types\/post"}],"author":[{"embeddable":true,"href":"https:\/\/www.associationdemarie.org\/blog\/wp-json\/wp\/v2\/users\/2"}],"replies":[{"embeddable":true,"href":"https:\/\/www.associationdemarie.org\/blog\/wp-json\/wp\/v2\/comments?post=2148"}],"version-history":[{"count":0,"href":"https:\/\/www.associationdemarie.org\/blog\/wp-json\/wp\/v2\/posts\/2148\/revisions"}],"wp:attachment":[{"href":"https:\/\/www.associationdemarie.org\/blog\/wp-json\/wp\/v2\/media?parent=2148"}],"wp:term":[{"taxonomy":"category","embeddable":true,"href":"https:\/\/www.associationdemarie.org\/blog\/wp-json\/wp\/v2\/categories?post=2148"},{"taxonomy":"post_tag","embeddable":true,"href":"https:\/\/www.associationdemarie.org\/blog\/wp-json\/wp\/v2\/tags?post=2148"}],"curies":[{"name":"wp","href":"https:\/\/api.w.org\/{rel}","templated":true}]}}