{"id":21471,"date":"2022-04-03T01:40:52","date_gmt":"2022-04-03T00:40:52","guid":{"rendered":"http:\/\/www.associationdemarie.org\/blog\/?p=21471"},"modified":"2022-03-13T09:42:52","modified_gmt":"2022-03-13T08:42:52","slug":"un-ocean-de-misericorde-sest-ouvert","status":"publish","type":"post","link":"https:\/\/www.associationdemarie.org\/blog\/un-ocean-de-misericorde-sest-ouvert\/","title":{"rendered":"Un oc\u00e9an de mis\u00e9ricorde s\u2019est ouvert"},"content":{"rendered":"<p><img loading=\"lazy\" decoding=\"async\" class=\"aligncenter  wp-image-21472\" src=\"https:\/\/www.associationdemarie.org\/blog\/wp-content\/uploads\/2022\/03\/3-04Obraz-Siostry-Faustyny-Helena-Tchorzewska.jpg\" alt=\"\" width=\"464\" height=\"275\" srcset=\"https:\/\/www.associationdemarie.org\/blog\/wp-content\/uploads\/2022\/03\/3-04Obraz-Siostry-Faustyny-Helena-Tchorzewska.jpg 1024w, https:\/\/www.associationdemarie.org\/blog\/wp-content\/uploads\/2022\/03\/3-04Obraz-Siostry-Faustyny-Helena-Tchorzewska-300x178.jpg 300w, https:\/\/www.associationdemarie.org\/blog\/wp-content\/uploads\/2022\/03\/3-04Obraz-Siostry-Faustyny-Helena-Tchorzewska-768x455.jpg 768w\" sizes=\"auto, (max-width: 464px) 100vw, 464px\" \/><\/p>\n<p>\u00d4 mon J\u00e9sus, en remerciement pour tant de gr\u00e2ces, je t\u2019offre mon \u00e2me et mon corps, ma raison et ma volont\u00e9 ainsi que tous les sentiments de mon c\u0153ur. Par mes v\u0153ux, je me suis donn\u00e9e enti\u00e8rement \u00e0 Toi, je n\u2019ai plus rien que je puisse T\u2019offrir.<\/p>\n<p>J\u00e9sus m\u2019a dit : \u00ab Ma fille, tu ne m\u2019as pas donn\u00e9 ce qui est essentiellement tien. \u00bb Rentrant en moi-m\u00eame je reconnus que j\u2019aimais Dieu de toutes les forces de mon \u00e2me ; et ne pouvant d\u00e9couvrir ce que je ne n\u2019avais pas livr\u00e9 \u00e0 Dieu, je demandai : \u00ab J\u00e9sus, dis-le moi et je Te le livrerai imm\u00e9diatement, de bon c\u0153ur. \u00bb J\u00e9sus me dit avec bienveillance : \u00ab Ma fille, livre-moi ta mis\u00e8re, car c\u2019est ta propri\u00e9t\u00e9 exclusive. \u00bb<\/p>\n<p>\u00c0 ce moment, un rayon de lumi\u00e8re illumina mon \u00e2me, je connus tout l\u2019ab\u00eeme de ma mis\u00e8re ; au m\u00eame instant, je me suis blottie dans le Tr\u00e8s Saint C\u0153ur de J\u00e9sus, avec une si grande confiance que m\u00eame si j\u2019avais eu sur la conscience les p\u00e9ch\u00e9s de tous les damn\u00e9s, je n\u2019aurais pas dout\u00e9 de la mis\u00e9ricorde de Dieu, mais le c\u0153ur contrit, je me serais jet\u00e9e dans l\u2019ab\u00eeme de Ta mis\u00e9ricorde. Je crois, \u00f4 J\u00e9sus, que Tu ne m\u2019aurais pas repouss\u00e9e loin de Toi, mais que Tu m\u2019aurais absoute par la main de celui qui tient Ta place.<\/p>\n<p>Tu as rendu l\u2019Esprit, J\u00e9sus, mais la source de vie a jailli pour les \u00e2mes et un oc\u00e9an de mis\u00e9ricorde s\u2019est ouvert pour le monde entier. \u00d4 source de vie, insondable mis\u00e9ricorde divine, \u00e9treins le monde entier, et submerge-nous.<\/p>\n<h3 class=\"GospelCommentaryAuthor-name commentary-author font-2\">Sainte Faustine Kowalska (1905-1938)<\/h3>\n<p>&nbsp;<\/p>\n<p>&nbsp;<\/p>\n","protected":false},"excerpt":{"rendered":"<p>\u00d4 mon J\u00e9sus, en remerciement pour tant de gr\u00e2ces, je t\u2019offre mon \u00e2me et mon corps, ma raison et ma volont\u00e9 ainsi que tous les sentiments de mon c\u0153ur. Par mes v\u0153ux, je me suis donn\u00e9e enti\u00e8rement \u00e0 Toi, je n\u2019ai plus rien que je puisse T\u2019offrir. J\u00e9sus m\u2019a dit : \u00ab Ma fille, tu [&hellip;]<\/p>\n","protected":false},"author":2,"featured_media":0,"comment_status":"closed","ping_status":"closed","sticky":false,"template":"","format":"standard","meta":{"footnotes":""},"categories":[3,28],"tags":[307,1094],"class_list":["post-21471","post","type-post","status-publish","format-standard","hentry","category-liturgique","category-saints-et-saintes","tag-divine-misericorde","tag-ste-faustine"],"_links":{"self":[{"href":"https:\/\/www.associationdemarie.org\/blog\/wp-json\/wp\/v2\/posts\/21471","targetHints":{"allow":["GET"]}}],"collection":[{"href":"https:\/\/www.associationdemarie.org\/blog\/wp-json\/wp\/v2\/posts"}],"about":[{"href":"https:\/\/www.associationdemarie.org\/blog\/wp-json\/wp\/v2\/types\/post"}],"author":[{"embeddable":true,"href":"https:\/\/www.associationdemarie.org\/blog\/wp-json\/wp\/v2\/users\/2"}],"replies":[{"embeddable":true,"href":"https:\/\/www.associationdemarie.org\/blog\/wp-json\/wp\/v2\/comments?post=21471"}],"version-history":[{"count":2,"href":"https:\/\/www.associationdemarie.org\/blog\/wp-json\/wp\/v2\/posts\/21471\/revisions"}],"predecessor-version":[{"id":21474,"href":"https:\/\/www.associationdemarie.org\/blog\/wp-json\/wp\/v2\/posts\/21471\/revisions\/21474"}],"wp:attachment":[{"href":"https:\/\/www.associationdemarie.org\/blog\/wp-json\/wp\/v2\/media?parent=21471"}],"wp:term":[{"taxonomy":"category","embeddable":true,"href":"https:\/\/www.associationdemarie.org\/blog\/wp-json\/wp\/v2\/categories?post=21471"},{"taxonomy":"post_tag","embeddable":true,"href":"https:\/\/www.associationdemarie.org\/blog\/wp-json\/wp\/v2\/tags?post=21471"}],"curies":[{"name":"wp","href":"https:\/\/api.w.org\/{rel}","templated":true}]}}