{"id":21467,"date":"2022-04-02T01:41:36","date_gmt":"2022-04-02T00:41:36","guid":{"rendered":"http:\/\/www.associationdemarie.org\/blog\/?p=21467"},"modified":"2022-03-12T08:43:45","modified_gmt":"2022-03-12T07:43:45","slug":"la-foule-se-divisa-a-son-sujet","status":"publish","type":"post","link":"https:\/\/www.associationdemarie.org\/blog\/la-foule-se-divisa-a-son-sujet\/","title":{"rendered":"\u00ab La foule se divisa \u00e0 son sujet. \u00bb"},"content":{"rendered":"<p><img loading=\"lazy\" decoding=\"async\" class=\"aligncenter  wp-image-21468\" src=\"https:\/\/www.associationdemarie.org\/blog\/wp-content\/uploads\/2022\/03\/2-04.jpg\" alt=\"\" width=\"481\" height=\"241\" srcset=\"https:\/\/www.associationdemarie.org\/blog\/wp-content\/uploads\/2022\/03\/2-04.jpg 620w, https:\/\/www.associationdemarie.org\/blog\/wp-content\/uploads\/2022\/03\/2-04-300x150.jpg 300w\" sizes=\"auto, (max-width: 481px) 100vw, 481px\" \/><\/p>\n<p>Dans le myst\u00e8re pascal sont d\u00e9pass\u00e9es les limites du mal multiforme auquel participe l&rsquo;homme durant son existence terrestre : la croix du Christ, en effet, nous fait comprendre que les racines les plus profondes du mal plongent dans le p\u00e9ch\u00e9 et dans la mort ; ainsi devient-elle un signe eschatologique. C&rsquo;est seulement \u00e0 la fin des temps et lors du renouvellement d\u00e9finitif du monde qu&rsquo;en tous les \u00e9lus l&rsquo;amour vaincra le mal en ses sources les plus profondes (&#8230;).<\/p>\n<p>Dans l&rsquo;accomplissement eschatologique, la mis\u00e9ricorde se r\u00e9v\u00e9lera comme amour, tandis que dans le temps, dans l&rsquo;histoire humaine qui est aussi une histoire de p\u00e9ch\u00e9 et de mort, l&rsquo;amour doit se r\u00e9v\u00e9ler surtout comme mis\u00e9ricorde, et se r\u00e9aliser sous cette forme. Le programme messianique du Christ, programme de mis\u00e9ricorde, devient celui de son peuple, de l&rsquo;\u00c9glise. Au centre m\u00eame de ce programme se tient toujours la croix, puisqu&rsquo;en elle la r\u00e9v\u00e9lation de l&rsquo;amour mis\u00e9ricordieux atteint son sommet. (&#8230;)<\/p>\n<p>Le Christ, le Crucifi\u00e9, est la Parole qui ne passe pas (Mt 24,35). Il est celui qui se tient \u00e0 la porte et frappe au c\u0153ur de tout homme (Ap 3,20), sans contraindre sa libert\u00e9, mais en cherchant \u00e0 en faire surgir un amour qui soit non seulement acte d&rsquo;union au Fils de l&rsquo;homme souffrant, mais aussi une forme de mis\u00e9ricorde manifest\u00e9e par chacun de nous \u00e0 l&rsquo;\u00e9gard du Fils du P\u00e8re \u00e9ternel. Dans ce programme messianique du Christ et la r\u00e9v\u00e9lation de la mis\u00e9ricorde par la croix, la dignit\u00e9 de l&rsquo;homme pourrait-elle \u00eatre plus respect\u00e9e et plus grande, puisque cet homme, s&rsquo;il est objet de la mis\u00e9ricorde, est aussi en m\u00eame temps en un certain sens celui qui exerce la mis\u00e9ricorde ?<\/p>\n<h3 class=\"GospelCommentaryAuthor-name commentary-author font-2\">Saint Jean-Paul II (1920-2005)<\/h3>\n<p>&nbsp;<\/p>\n<p>&nbsp;<\/p>\n","protected":false},"excerpt":{"rendered":"<p>Dans le myst\u00e8re pascal sont d\u00e9pass\u00e9es les limites du mal multiforme auquel participe l&rsquo;homme durant son existence terrestre : la croix du Christ, en effet, nous fait comprendre que les racines les plus profondes du mal plongent dans le p\u00e9ch\u00e9 et dans la mort ; ainsi devient-elle un signe eschatologique. C&rsquo;est seulement \u00e0 la fin [&hellip;]<\/p>\n","protected":false},"author":2,"featured_media":0,"comment_status":"closed","ping_status":"closed","sticky":false,"template":"","format":"standard","meta":{"footnotes":""},"categories":[1],"tags":[184,771,1253],"class_list":["post-21467","post","type-post","status-publish","format-standard","hentry","category-non-classe","tag-careme","tag-parole-divine","tag-st-jean-paul-2"],"_links":{"self":[{"href":"https:\/\/www.associationdemarie.org\/blog\/wp-json\/wp\/v2\/posts\/21467","targetHints":{"allow":["GET"]}}],"collection":[{"href":"https:\/\/www.associationdemarie.org\/blog\/wp-json\/wp\/v2\/posts"}],"about":[{"href":"https:\/\/www.associationdemarie.org\/blog\/wp-json\/wp\/v2\/types\/post"}],"author":[{"embeddable":true,"href":"https:\/\/www.associationdemarie.org\/blog\/wp-json\/wp\/v2\/users\/2"}],"replies":[{"embeddable":true,"href":"https:\/\/www.associationdemarie.org\/blog\/wp-json\/wp\/v2\/comments?post=21467"}],"version-history":[{"count":2,"href":"https:\/\/www.associationdemarie.org\/blog\/wp-json\/wp\/v2\/posts\/21467\/revisions"}],"predecessor-version":[{"id":21470,"href":"https:\/\/www.associationdemarie.org\/blog\/wp-json\/wp\/v2\/posts\/21467\/revisions\/21470"}],"wp:attachment":[{"href":"https:\/\/www.associationdemarie.org\/blog\/wp-json\/wp\/v2\/media?parent=21467"}],"wp:term":[{"taxonomy":"category","embeddable":true,"href":"https:\/\/www.associationdemarie.org\/blog\/wp-json\/wp\/v2\/categories?post=21467"},{"taxonomy":"post_tag","embeddable":true,"href":"https:\/\/www.associationdemarie.org\/blog\/wp-json\/wp\/v2\/tags?post=21467"}],"curies":[{"name":"wp","href":"https:\/\/api.w.org\/{rel}","templated":true}]}}