{"id":2143,"date":"2011-01-09T01:19:37","date_gmt":"2011-01-09T01:19:37","guid":{"rendered":"http:\/\/preprod.meltem-int.com\/marie\/blog\/?p=2143"},"modified":"2011-01-09T01:19:37","modified_gmt":"2011-01-09T01:19:37","slug":"celui-ci-est-mon-fils-bien-aime","status":"publish","type":"post","link":"https:\/\/www.associationdemarie.org\/blog\/celui-ci-est-mon-fils-bien-aime\/","title":{"rendered":"\u00ab\u00a0Celui-ci est Mon Fils bien-aim\u00e9.\u00a0\u00bb"},"content":{"rendered":"<p><strong><a href=\"https:\/\/www.associationdemarie.org\/blog\/wp-content\/uploads\/2011\/01\/bapteme_jesus.jpg\"><img loading=\"lazy\" decoding=\"async\" class=\"alignright size-full wp-image-2145\" title=\"_bapteme_jesus\" src=\"https:\/\/www.associationdemarie.org\/blog\/wp-content\/uploads\/2011\/01\/bapteme_jesus.jpg\" alt=\"\" width=\"163\" height=\"309\" srcset=\"https:\/\/www.associationdemarie.org\/blog\/wp-content\/uploads\/2011\/01\/bapteme_jesus.jpg 272w, https:\/\/www.associationdemarie.org\/blog\/wp-content\/uploads\/2011\/01\/bapteme_jesus-158x300.jpg 158w\" sizes=\"auto, (max-width: 163px) 100vw, 163px\" \/><\/a>Evangile de J\u00e9sus-Christ selon saint Matthieu 3,13-17.<\/strong><br \/>\nJ\u00e9sus, arrivant de Galil\u00e9e, para\u00eet sur les bords du Jourdain, et il vient \u00e0 Jean pour se faire baptiser par lui.<br \/>\nJean voulait l&rsquo;en emp\u00eacher et disait\u00a0: \u00ab\u00a0C&rsquo;est moi qui ai besoin de me faire baptiser par toi, et c&rsquo;est toi qui viens \u00e0 moi\u00a0!\u00a0\u00bb<br \/>\nMais J\u00e9sus lui r\u00e9pondit\u00a0: \u00ab\u00a0Pour le moment, laisse-moi faire\u00a0; c&rsquo;est de cette fa\u00e7on que nous devons accomplir parfaitement ce qui est juste.\u00a0\u00bb Alors Jean le laisse faire.<br \/>\nD\u00e8s que J\u00e9sus fut baptis\u00e9, il sortit de l&rsquo;eau\u00a0; voici que les cieux s&rsquo;ouvrirent, et il vit l&rsquo;Esprit de Dieu descendre comme une colombe et venir sur lui.<br \/>\nEt des cieux, une voix disait\u00a0: \u00ab\u00a0Celui-ci est mon Fils bien-aim\u00e9\u00a0; en lui j&rsquo;ai mis tout mon amour.\u00a0\u00bb<\/p>\n<p><span style=\"color: #ffffff;\">.<\/span><\/p>\n<p>Extrait de la Traduction Liturgique de la Bible &#8211; \u00a9 AELF, Paris<\/p>\n<p><span style=\"color: #ffffff;\">.<\/span><\/p>\n","protected":false},"excerpt":{"rendered":"<p>Evangile de J\u00e9sus-Christ selon saint Matthieu 3,13-17. J\u00e9sus, arrivant de Galil\u00e9e, para\u00eet sur les bords du Jourdain, et il vient \u00e0 Jean pour se faire baptiser par lui. Jean voulait l&rsquo;en emp\u00eacher et disait\u00a0: \u00ab\u00a0C&rsquo;est moi qui ai besoin de me faire baptiser par toi, et c&rsquo;est toi qui viens \u00e0 moi\u00a0!\u00a0\u00bb Mais J\u00e9sus lui [&hellip;]<\/p>\n","protected":false},"author":2,"featured_media":0,"comment_status":"closed","ping_status":"closed","sticky":false,"template":"","format":"standard","meta":{"footnotes":""},"categories":[3,13,28],"tags":[377,389,535,548,1042,1059],"class_list":["post-2143","post","type-post","status-publish","format-standard","hentry","category-liturgique","category-ecritures","category-saints-et-saintes","tag-esprit","tag-evangile","tag-jesus","tag-jourdain","tag-st-jean-baptiste","tag-st-matthieu"],"_links":{"self":[{"href":"https:\/\/www.associationdemarie.org\/blog\/wp-json\/wp\/v2\/posts\/2143","targetHints":{"allow":["GET"]}}],"collection":[{"href":"https:\/\/www.associationdemarie.org\/blog\/wp-json\/wp\/v2\/posts"}],"about":[{"href":"https:\/\/www.associationdemarie.org\/blog\/wp-json\/wp\/v2\/types\/post"}],"author":[{"embeddable":true,"href":"https:\/\/www.associationdemarie.org\/blog\/wp-json\/wp\/v2\/users\/2"}],"replies":[{"embeddable":true,"href":"https:\/\/www.associationdemarie.org\/blog\/wp-json\/wp\/v2\/comments?post=2143"}],"version-history":[{"count":0,"href":"https:\/\/www.associationdemarie.org\/blog\/wp-json\/wp\/v2\/posts\/2143\/revisions"}],"wp:attachment":[{"href":"https:\/\/www.associationdemarie.org\/blog\/wp-json\/wp\/v2\/media?parent=2143"}],"wp:term":[{"taxonomy":"category","embeddable":true,"href":"https:\/\/www.associationdemarie.org\/blog\/wp-json\/wp\/v2\/categories?post=2143"},{"taxonomy":"post_tag","embeddable":true,"href":"https:\/\/www.associationdemarie.org\/blog\/wp-json\/wp\/v2\/tags?post=2143"}],"curies":[{"name":"wp","href":"https:\/\/api.w.org\/{rel}","templated":true}]}}