{"id":21369,"date":"2022-03-07T01:37:22","date_gmt":"2022-03-07T00:37:22","guid":{"rendered":"http:\/\/www.associationdemarie.org\/blog\/?p=21369"},"modified":"2022-02-14T09:41:02","modified_gmt":"2022-02-14T08:41:02","slug":"cest-a-moi-que-vous-lavez-fait-3","status":"publish","type":"post","link":"https:\/\/www.associationdemarie.org\/blog\/cest-a-moi-que-vous-lavez-fait-3\/","title":{"rendered":"\u00ab C\u2019est \u00e0 moi que vous l\u2019avez fait. \u00bb"},"content":{"rendered":"<p><img loading=\"lazy\" decoding=\"async\" class=\"aligncenter wp-image-21370\" src=\"https:\/\/www.associationdemarie.org\/blog\/wp-content\/uploads\/2022\/02\/7-03.jpg\" alt=\"\" width=\"495\" height=\"279\" srcset=\"https:\/\/www.associationdemarie.org\/blog\/wp-content\/uploads\/2022\/02\/7-03.jpg 579w, https:\/\/www.associationdemarie.org\/blog\/wp-content\/uploads\/2022\/02\/7-03-300x169.jpg 300w\" sizes=\"auto, (max-width: 495px) 100vw, 495px\" \/><\/p>\n<p>R\u00e9fl\u00e9chissez, fr\u00e8res, et voyez l&rsquo;exemple de notre Seigneur, qui a fait de nous des voyageurs et nous a ordonn\u00e9 de venir jusqu&rsquo;\u00e0 la cit\u00e9 c\u00e9leste (He 11,13s) en courant par la route de la charit\u00e9. (\u2026) Bien qu&rsquo;il si\u00e8ge dans le ciel, par compassion pour ses membres qui peinent, car il est la t\u00eate des membres et du corps dans le monde entier (Col 2,19), il a dit : \u00ab Quand vous n&rsquo;avez pas fait cela \u00e0 l&rsquo;un des plus petits d&rsquo;entre les miens, c&rsquo;est \u00e0 moi que vous ne l&rsquo;avez pas fait \u00bb (\u2026) Quand il a chang\u00e9 Paul le pers\u00e9cuteur en pr\u00e9dicateur, il lui a dit du haut du ciel : \u00ab Saul, Saul, pourquoi me pers\u00e9cutes-tu ? \u00bb (Ac 9,4) (\u2026) Saul pers\u00e9cutait les chr\u00e9tiens : est-ce qu&rsquo;il pers\u00e9cutait le Christ, qui si\u00e9geait dans le ciel ? Mais le Christ lui-m\u00eame \u00e9tait dans les chr\u00e9tiens, souffrant avec tous ses membres, pour qu&rsquo;en lui cette parole soit vraie : \u00ab Si un membre souffre, tous les membres souffrent avec lui \u00bb (1Co 12,26). (\u2026)<\/p>\n<p>Portons donc les fardeaux les uns des autres (Ga 6,2) ; l\u00e0 o\u00f9 est all\u00e9e la t\u00eate, les autres membres sont destin\u00e9s \u00e0 aller. (\u2026) Si notre Seigneur et Sauveur, qui a \u00e9t\u00e9 sans p\u00e9ch\u00e9, daigne nous aimer, nous p\u00e9cheurs, d&rsquo;une si grande affection qu&rsquo;il affirme souffrir ce que nous souffrons, pourquoi est-ce que nous, qui ne sommes pas sans p\u00e9ch\u00e9 et qui pouvons racheter nos p\u00e9ch\u00e9s par la charit\u00e9, pourquoi est-ce que nous ne nous aimons pas d&rsquo;un amour si parfait que nous compatissions par un sentiment de charit\u00e9 \u00e0 tout le mal endur\u00e9 par l&rsquo;un d&rsquo;entre nous ? (&#8230;) Une main ou un autre membre retranch\u00e9 du corps ne sent plus rien ; tel est le chr\u00e9tien qui ne souffre pas du malheur, de la d\u00e9tresse ou m\u00eame de la mort d&rsquo;autrui.<\/p>\n<h3 class=\"GospelCommentaryAuthor-name commentary-author font-2\">Saint C\u00e9saire d&rsquo;Arles (470-543)<\/h3>\n<p>&nbsp;<\/p>\n<p>&nbsp;<\/p>\n","protected":false},"excerpt":{"rendered":"<p>R\u00e9fl\u00e9chissez, fr\u00e8res, et voyez l&rsquo;exemple de notre Seigneur, qui a fait de nous des voyageurs et nous a ordonn\u00e9 de venir jusqu&rsquo;\u00e0 la cit\u00e9 c\u00e9leste (He 11,13s) en courant par la route de la charit\u00e9. (\u2026) Bien qu&rsquo;il si\u00e8ge dans le ciel, par compassion pour ses membres qui peinent, car il est la t\u00eate des [&hellip;]<\/p>\n","protected":false},"author":2,"featured_media":0,"comment_status":"closed","ping_status":"closed","sticky":false,"template":"","format":"standard","meta":{"footnotes":""},"categories":[13,1261],"tags":[184,203,264,1229,1068],"class_list":["post-21369","post","type-post","status-publish","format-standard","hentry","category-ecritures","category-enseignement-2","tag-careme","tag-charite","tag-corps-du-christ","tag-st-cesaire-darles","tag-st-paul"],"_links":{"self":[{"href":"https:\/\/www.associationdemarie.org\/blog\/wp-json\/wp\/v2\/posts\/21369","targetHints":{"allow":["GET"]}}],"collection":[{"href":"https:\/\/www.associationdemarie.org\/blog\/wp-json\/wp\/v2\/posts"}],"about":[{"href":"https:\/\/www.associationdemarie.org\/blog\/wp-json\/wp\/v2\/types\/post"}],"author":[{"embeddable":true,"href":"https:\/\/www.associationdemarie.org\/blog\/wp-json\/wp\/v2\/users\/2"}],"replies":[{"embeddable":true,"href":"https:\/\/www.associationdemarie.org\/blog\/wp-json\/wp\/v2\/comments?post=21369"}],"version-history":[{"count":2,"href":"https:\/\/www.associationdemarie.org\/blog\/wp-json\/wp\/v2\/posts\/21369\/revisions"}],"predecessor-version":[{"id":21372,"href":"https:\/\/www.associationdemarie.org\/blog\/wp-json\/wp\/v2\/posts\/21369\/revisions\/21372"}],"wp:attachment":[{"href":"https:\/\/www.associationdemarie.org\/blog\/wp-json\/wp\/v2\/media?parent=21369"}],"wp:term":[{"taxonomy":"category","embeddable":true,"href":"https:\/\/www.associationdemarie.org\/blog\/wp-json\/wp\/v2\/categories?post=21369"},{"taxonomy":"post_tag","embeddable":true,"href":"https:\/\/www.associationdemarie.org\/blog\/wp-json\/wp\/v2\/tags?post=21369"}],"curies":[{"name":"wp","href":"https:\/\/api.w.org\/{rel}","templated":true}]}}