{"id":2133,"date":"2011-01-06T01:40:26","date_gmt":"2011-01-06T01:40:26","guid":{"rendered":"http:\/\/preprod.meltem-int.com\/marie\/blog\/?p=2133"},"modified":"2011-01-06T01:40:26","modified_gmt":"2011-01-06T01:40:26","slug":"priere-donnee-par-la-sainte-vierge-en-1996","status":"publish","type":"post","link":"https:\/\/www.associationdemarie.org\/blog\/priere-donnee-par-la-sainte-vierge-en-1996\/","title":{"rendered":"Pri\u00e8re (donn\u00e9e par la Sainte Vierge en 1996)"},"content":{"rendered":"<address style=\"text-align: center;\"><span style=\"color: #ffffff;\">.<\/span><\/address>\n<address style=\"text-align: center;\"><span style=\"color: #ffffff;\">.<\/span><\/address>\n<address style=\"text-align: center;\"><a href=\"https:\/\/www.associationdemarie.org\/blog\/wp-content\/uploads\/2011\/01\/bandeau.jpg\"><img loading=\"lazy\" decoding=\"async\" class=\"alignleft size-full wp-image-2137\" title=\"bandeau\" src=\"https:\/\/www.associationdemarie.org\/blog\/wp-content\/uploads\/2011\/01\/bandeau.jpg\" alt=\"\" width=\"218\" height=\"779\" \/><\/a>Seigneur,\u00a0 Toi le cr\u00e9ateur<\/address>\n<address style=\"text-align: center;\">de toute vie,<\/address>\n<address style=\"text-align: center;\">Fais que le soleil nous transmette<\/address>\n<address style=\"text-align: center;\">la chaleur de Ton Amour,<\/address>\n<address style=\"text-align: center;\">Fais que le vent d\u00e9gage notre esprit<\/address>\n<address style=\"text-align: center;\">de toute inqui\u00e9tude,<\/address>\n<address style=\"text-align: center;\">Fais que la pluie irrigue le jardin<\/address>\n<address style=\"text-align: center;\">de nos pens\u00e9es.<\/address>\n<address style=\"text-align: center;\">Fais que la neige par sa blancheur<\/address>\n<address style=\"text-align: center;\">efface l\u2019ignorance de la beaut\u00e9.<\/address>\n<address style=\"text-align: center;\">Fais que la fleur \u00e9close soit le reflet<\/address>\n<address style=\"text-align: center;\">de Ton Sourire.<\/address>\n<address style=\"text-align: center;\">Fais que l\u2019arbre nous prot\u00e8ge de la torridit\u00e9<\/address>\n<address style=\"text-align: center;\">de nos exc\u00e8s.<\/address>\n<address style=\"text-align: center;\">Fais que son ombre nous \u00e9veille<\/address>\n<address style=\"text-align: center;\">\u00e0 Ta Mis\u00e9ricorde.<\/address>\n<address style=\"text-align: center;\">Fais que le froid r\u00e9veille<\/address>\n<address style=\"text-align: center;\">l\u2019unit\u00e9 des hommes.<\/address>\n<address style=\"text-align: center;\">Fais que la glace soit le miroir<\/address>\n<address style=\"text-align: center;\">de Ta Sagesse.<\/address>\n<address style=\"text-align: center;\">Fais que l\u2019eau d\u00e9salt\u00e8re notre soif<\/address>\n<address style=\"text-align: center;\">de connaissance.<\/address>\n<address style=\"text-align: center;\">O Seigneur, Toi qui commandes<\/address>\n<address style=\"text-align: center;\">\u00e0 tous les \u00e9l\u00e9ments,<\/address>\n<address style=\"text-align: center;\">Fais que l\u2019homme, par le respect de la nature,<\/address>\n<address style=\"text-align: center;\">v\u00e9n\u00e8re toute la cr\u00e9ation.<\/address>\n<address style=\"text-align: center;\">Accorde \u00e0 ton peuple l\u2019ouverture en ta Demeure,<\/address>\n<address style=\"text-align: center;\">et que, par le tabernacle de la Demeure,<\/address>\n<address style=\"text-align: center;\">nous partagions Tes Souffrances.<\/address>\n<address style=\"text-align: center;\">Accorde \u00e0 Tes enfants d\u2019effeuiller le lys<\/address>\n<address style=\"text-align: center;\">pour se parer de la Saintet\u00e9.<\/address>\n<address style=\"text-align: center;\">Tu nous as donn\u00e9 la vue, l\u2019ou\u00efe, l\u2019odorat et la parole,<\/address>\n<address style=\"text-align: center;\">accorde en l\u2019Esprit de nous octroyer<\/address>\n<address style=\"text-align: center;\">la mani\u00e8re de les employer saintement.<\/address>\n<address style=\"text-align: center;\"><span style=\"color: #ffffff;\">.<\/span><\/address>\n<address style=\"text-align: center;\">Merci Seigneur.<\/address>\n<address style=\"text-align: center;\"><span style=\"color: #ffffff;\">.<\/span><\/address>\n<address style=\"text-align: center;\"><span style=\"color: #ffffff;\">.<\/span><\/address>\n<address style=\"text-align: center;\"><span style=\"color: #ffffff;\">.<\/span><\/address>\n<address style=\"text-align: center;\"><span style=\"color: #ffffff;\">.<\/span><\/address>\n<address style=\"text-align: center;\"><span style=\"color: #ffffff;\">.<\/span><\/address>\n<address style=\"text-align: center;\"><span style=\"color: #ffffff;\">.<\/span><\/address>\n","protected":false},"excerpt":{"rendered":"<p>. . Seigneur,\u00a0 Toi le cr\u00e9ateur de toute vie, Fais que le soleil nous transmette la chaleur de Ton Amour, Fais que le vent d\u00e9gage notre esprit de toute inqui\u00e9tude, Fais que la pluie irrigue le jardin de nos pens\u00e9es. Fais que la neige par sa blancheur efface l\u2019ignorance de la beaut\u00e9. Fais que la [&hellip;]<\/p>\n","protected":false},"author":2,"featured_media":0,"comment_status":"closed","ping_status":"closed","sticky":false,"template":"","format":"standard","meta":{"footnotes":""},"categories":[19,27],"tags":[640,668,709,830,1135],"class_list":["post-2133","post","type-post","status-publish","format-standard","hentry","category-messages","category-prieres","tag-marie-mere-des-hommes","tag-message","tag-nature","tag-priere","tag-terre"],"_links":{"self":[{"href":"https:\/\/www.associationdemarie.org\/blog\/wp-json\/wp\/v2\/posts\/2133","targetHints":{"allow":["GET"]}}],"collection":[{"href":"https:\/\/www.associationdemarie.org\/blog\/wp-json\/wp\/v2\/posts"}],"about":[{"href":"https:\/\/www.associationdemarie.org\/blog\/wp-json\/wp\/v2\/types\/post"}],"author":[{"embeddable":true,"href":"https:\/\/www.associationdemarie.org\/blog\/wp-json\/wp\/v2\/users\/2"}],"replies":[{"embeddable":true,"href":"https:\/\/www.associationdemarie.org\/blog\/wp-json\/wp\/v2\/comments?post=2133"}],"version-history":[{"count":0,"href":"https:\/\/www.associationdemarie.org\/blog\/wp-json\/wp\/v2\/posts\/2133\/revisions"}],"wp:attachment":[{"href":"https:\/\/www.associationdemarie.org\/blog\/wp-json\/wp\/v2\/media?parent=2133"}],"wp:term":[{"taxonomy":"category","embeddable":true,"href":"https:\/\/www.associationdemarie.org\/blog\/wp-json\/wp\/v2\/categories?post=2133"},{"taxonomy":"post_tag","embeddable":true,"href":"https:\/\/www.associationdemarie.org\/blog\/wp-json\/wp\/v2\/tags?post=2133"}],"curies":[{"name":"wp","href":"https:\/\/api.w.org\/{rel}","templated":true}]}}