{"id":21316,"date":"2022-02-22T01:42:37","date_gmt":"2022-02-22T00:42:37","guid":{"rendered":"http:\/\/www.associationdemarie.org\/blog\/?p=21316"},"modified":"2022-02-01T07:45:34","modified_gmt":"2022-02-01T06:45:34","slug":"sur-cette-pierre-je-batirai-mon-eglise-4","status":"publish","type":"post","link":"https:\/\/www.associationdemarie.org\/blog\/sur-cette-pierre-je-batirai-mon-eglise-4\/","title":{"rendered":"\u00ab Sur cette pierre je b\u00e2tirai mon \u00c9glise. \u00bb"},"content":{"rendered":"<p><img loading=\"lazy\" decoding=\"async\" class=\"aligncenter  wp-image-21317\" src=\"https:\/\/www.associationdemarie.org\/blog\/wp-content\/uploads\/2022\/02\/22-02-le-don-des-clefs-f\u00eate-de-la-chaire-de-saint-pierre.jpg\" alt=\"\" width=\"465\" height=\"294\" srcset=\"https:\/\/www.associationdemarie.org\/blog\/wp-content\/uploads\/2022\/02\/22-02-le-don-des-clefs-f\u00eate-de-la-chaire-de-saint-pierre.jpg 800w, https:\/\/www.associationdemarie.org\/blog\/wp-content\/uploads\/2022\/02\/22-02-le-don-des-clefs-f\u00eate-de-la-chaire-de-saint-pierre-300x190.jpg 300w, https:\/\/www.associationdemarie.org\/blog\/wp-content\/uploads\/2022\/02\/22-02-le-don-des-clefs-f\u00eate-de-la-chaire-de-saint-pierre-768x486.jpg 768w\" sizes=\"auto, (max-width: 465px) 100vw, 465px\" \/><\/p>\n<p>Le coll\u00e8ge \u00e9piscopal et son chef, le Pape : le Christ, en instituant les Douze, \u00ab leur donna la forme d&rsquo;un coll\u00e8ge, c&rsquo;est-\u00e0-dire d&rsquo;un groupe stable, et mit \u00e0 leur t\u00eate Pierre, choisi parmi eux \u00bb. \u00ab De m\u00eame que S. Pierre et les autres ap\u00f4tres constituent de par l&rsquo;institution du Seigneur un seul coll\u00e8ge apostolique, semblablement le Pontife romain, successeur de Pierre, et les \u00e9v\u00eaques, successeurs des ap\u00f4tres, forment entre eux un tout. \u00bb<\/p>\n<p>Le Seigneur a fait du seul Simon, auquel il donna le nom de Pierre, la pierre de son \u00c9glise. Il lui en a remis les clefs ; il l&rsquo;a institu\u00e9 pasteur de tout le troupeau (Jn 21,15s). \u00ab Mais cette charge de lier et de d\u00e9lier qui a \u00e9t\u00e9 donn\u00e9e \u00e0 Pierre a \u00e9t\u00e9 aussi donn\u00e9e, sans aucun doute, au coll\u00e8ge des ap\u00f4tres unis \u00e0 leur chef. \u00bb Cette charge pastorale de Pierre et des autres ap\u00f4tres appartient aux fondements de l&rsquo;\u00c9glise. Elle est continu\u00e9e par les \u00e9v\u00eaques sous la primaut\u00e9 du Pape.<\/p>\n<p>Le Pape, \u00e9v\u00eaque de Rome et successeur de St. Pierre, \u00ab est principe perp\u00e9tuel et visible et fondement de l&rsquo;unit\u00e9 qui lie entre eux soit les \u00e9v\u00eaques, soit la multitude des fid\u00e8les \u00bb. \u00ab En effet, le Pontife romain a sur l&rsquo;\u00c9glise, en vertu de sa charge de Vicaire du Christ et de Pasteur de toute l&rsquo;\u00c9glise, un pouvoir pl\u00e9nier, supr\u00eame et universel qu&rsquo;il peut toujours librement exercer. \u00bb<\/p>\n<p>\u00ab Le coll\u00e8ge ou corps \u00e9piscopal n&rsquo;a d&rsquo;autorit\u00e9 que si on l&rsquo;entend comme uni au Pontife romain, comme \u00e0 son chef. \u00bb Comme tel, ce coll\u00e8ge est \u00ab lui aussi le sujet d&rsquo;un pouvoir supr\u00eame et pl\u00e9nier sur toute l&rsquo;\u00c9glise, pouvoir cependant qui ne peut s&rsquo;exercer qu&rsquo;avec le consentement du Pontife romain \u00bb. \u00ab Le Coll\u00e8ge des \u00e9v\u00eaques exerce le pouvoir sur l&rsquo;Eglise tout enti\u00e8re de mani\u00e8re solennelle dans le Concile Oecum\u00e9nique. \u00bb \u00ab Il n&rsquo;y a pas de Concile Oecum\u00e9nique s&rsquo;il n&rsquo;est comme tel confirm\u00e9 ou tout au moins accept\u00e9 par le successeur de Pierre. \u00bb \u00ab Par sa composition multiple, ce coll\u00e8ge exprime la vari\u00e9t\u00e9 et l&rsquo;universalit\u00e9 du Peuple de Dieu ; il exprime, par son rassemblement sous un seul chef, l&rsquo;unit\u00e9 du troupeau du Christ. \u00bb<\/p>\n<h3 class=\"GospelCommentaryAuthor-name commentary-author font-2\">Cat\u00e9chisme de l&rsquo;\u00c9glise catholique<\/h3>\n<p>(r\u00e9f\u00e9rences : Vatican II : LG 22,23)<\/p>\n<p>&nbsp;<\/p>\n","protected":false},"excerpt":{"rendered":"<p>Le coll\u00e8ge \u00e9piscopal et son chef, le Pape : le Christ, en instituant les Douze, \u00ab leur donna la forme d&rsquo;un coll\u00e8ge, c&rsquo;est-\u00e0-dire d&rsquo;un groupe stable, et mit \u00e0 leur t\u00eate Pierre, choisi parmi eux \u00bb. \u00ab De m\u00eame que S. Pierre et les autres ap\u00f4tres constituent de par l&rsquo;institution du Seigneur un seul coll\u00e8ge [&hellip;]<\/p>\n","protected":false},"author":2,"featured_media":0,"comment_status":"closed","ping_status":"closed","sticky":false,"template":"","format":"standard","meta":{"footnotes":""},"categories":[28],"tags":[188,336,1071,1174],"class_list":["post-21316","post","type-post","status-publish","format-standard","hentry","category-saints-et-saintes","tag-catechisme","tag-eglise","tag-st-pierre","tag-vatican-2"],"_links":{"self":[{"href":"https:\/\/www.associationdemarie.org\/blog\/wp-json\/wp\/v2\/posts\/21316","targetHints":{"allow":["GET"]}}],"collection":[{"href":"https:\/\/www.associationdemarie.org\/blog\/wp-json\/wp\/v2\/posts"}],"about":[{"href":"https:\/\/www.associationdemarie.org\/blog\/wp-json\/wp\/v2\/types\/post"}],"author":[{"embeddable":true,"href":"https:\/\/www.associationdemarie.org\/blog\/wp-json\/wp\/v2\/users\/2"}],"replies":[{"embeddable":true,"href":"https:\/\/www.associationdemarie.org\/blog\/wp-json\/wp\/v2\/comments?post=21316"}],"version-history":[{"count":2,"href":"https:\/\/www.associationdemarie.org\/blog\/wp-json\/wp\/v2\/posts\/21316\/revisions"}],"predecessor-version":[{"id":21319,"href":"https:\/\/www.associationdemarie.org\/blog\/wp-json\/wp\/v2\/posts\/21316\/revisions\/21319"}],"wp:attachment":[{"href":"https:\/\/www.associationdemarie.org\/blog\/wp-json\/wp\/v2\/media?parent=21316"}],"wp:term":[{"taxonomy":"category","embeddable":true,"href":"https:\/\/www.associationdemarie.org\/blog\/wp-json\/wp\/v2\/categories?post=21316"},{"taxonomy":"post_tag","embeddable":true,"href":"https:\/\/www.associationdemarie.org\/blog\/wp-json\/wp\/v2\/tags?post=21316"}],"curies":[{"name":"wp","href":"https:\/\/api.w.org\/{rel}","templated":true}]}}