{"id":21306,"date":"2022-02-21T01:45:36","date_gmt":"2022-02-21T00:45:36","guid":{"rendered":"http:\/\/www.associationdemarie.org\/blog\/?p=21306"},"modified":"2022-01-31T07:48:30","modified_gmt":"2022-01-31T06:48:30","slug":"je-crois-viens-au-secours-de-mon-peu-de-foi","status":"publish","type":"post","link":"https:\/\/www.associationdemarie.org\/blog\/je-crois-viens-au-secours-de-mon-peu-de-foi\/","title":{"rendered":"\u00ab Je crois ! Viens au secours de mon peu de foi. \u00bb"},"content":{"rendered":"<p><img loading=\"lazy\" decoding=\"async\" class=\"aligncenter  wp-image-21307\" src=\"https:\/\/www.associationdemarie.org\/blog\/wp-content\/uploads\/2022\/01\/21-02.png\" alt=\"\" width=\"455\" height=\"455\" srcset=\"https:\/\/www.associationdemarie.org\/blog\/wp-content\/uploads\/2022\/01\/21-02.png 800w, https:\/\/www.associationdemarie.org\/blog\/wp-content\/uploads\/2022\/01\/21-02-150x150.png 150w, https:\/\/www.associationdemarie.org\/blog\/wp-content\/uploads\/2022\/01\/21-02-300x300.png 300w, https:\/\/www.associationdemarie.org\/blog\/wp-content\/uploads\/2022\/01\/21-02-768x768.png 768w\" sizes=\"auto, (max-width: 455px) 100vw, 455px\" \/><\/p>\n<p>Certaines v\u00e9rit\u00e9s concernant la grandeur de Dieu demeurent tellement imprim\u00e9es dans l&rsquo;\u00e2me que, quand m\u00eame la foi ne serait pas l\u00e0 pour lui dire qui il est et l&rsquo;obliger \u00e0 le reconna\u00eetre pour son Dieu, elle l&rsquo;adorerait comme tel. Voil\u00e0 ce qu&rsquo;a fait Jacob apr\u00e8s la vision de l&rsquo;\u00e9chelle myst\u00e9rieuse (Gn 28,12s). Il est probable que ce patriarche a compris en cet instant d&rsquo;autres secrets qu&rsquo;il n&rsquo;a pas pu expliquer ensuite. (&#8230;) Je ne sais pas si je m&rsquo;exprime bien, car bien que j&rsquo;en aie entendu parler, j&rsquo;ignore si mes souvenirs sont exacts. Mo\u00efse lui non plus n&rsquo;a pas pu expliquer tout ce qu&rsquo;il avait vu dans le buisson, mais uniquement ce que Dieu lui a permis de r\u00e9v\u00e9ler. Mais si Dieu n&rsquo;avait pas communiqu\u00e9 \u00e0 son \u00e2me la certitude de ces choses secr\u00e8tes, s&rsquo;il ne lui avait pas donn\u00e9 de voir et de croire que cela venait de Dieu, il n&rsquo;aurait rien entrepris de ses grandes et nombreuses \u00e9preuves. Il a s\u00fbrement d\u00e9couvert au milieu des \u00e9pines de ce buisson des v\u00e9rit\u00e9s tellement profondes qu&rsquo;elles lui ont donn\u00e9 le courage de faire ce qu&rsquo;il a fait pour le peuple d&rsquo;Isra\u00ebl.<\/p>\n<p>Nous n&rsquo;avons donc pas \u00e0 chercher des raisons de comprendre les choses cach\u00e9es de Dieu. Mais puisque nous croyons qu&rsquo;il est tout-puissant, nous devons croire \u00e9galement que, dans notre grande pauvret\u00e9, nous sommes incapables de comprendre ses grandeurs. Contentons-nous de le b\u00e9nir puisqu&rsquo;il veut bien nous en d\u00e9voiler quelques-unes.<\/p>\n<h3 class=\"GospelCommentaryAuthor-name commentary-author font-2\">Sainte Th\u00e9r\u00e8se d&rsquo;Avila (1515-1582)<\/h3>\n<p>&nbsp;<\/p>\n<p>&nbsp;<\/p>\n","protected":false},"excerpt":{"rendered":"<p>Certaines v\u00e9rit\u00e9s concernant la grandeur de Dieu demeurent tellement imprim\u00e9es dans l&rsquo;\u00e2me que, quand m\u00eame la foi ne serait pas l\u00e0 pour lui dire qui il est et l&rsquo;obliger \u00e0 le reconna\u00eetre pour son Dieu, elle l&rsquo;adorerait comme tel. Voil\u00e0 ce qu&rsquo;a fait Jacob apr\u00e8s la vision de l&rsquo;\u00e9chelle myst\u00e9rieuse (Gn 28,12s). Il est probable [&hellip;]<\/p>\n","protected":false},"author":2,"featured_media":0,"comment_status":"closed","ping_status":"closed","sticky":false,"template":"","format":"standard","meta":{"footnotes":""},"categories":[1261,26],"tags":[297,425,1109],"class_list":["post-21306","post","type-post","status-publish","format-standard","hentry","category-enseignement-2","category-priere-des-ames","tag-dieu-le-pere","tag-foi","tag-ste-therese-davila"],"_links":{"self":[{"href":"https:\/\/www.associationdemarie.org\/blog\/wp-json\/wp\/v2\/posts\/21306","targetHints":{"allow":["GET"]}}],"collection":[{"href":"https:\/\/www.associationdemarie.org\/blog\/wp-json\/wp\/v2\/posts"}],"about":[{"href":"https:\/\/www.associationdemarie.org\/blog\/wp-json\/wp\/v2\/types\/post"}],"author":[{"embeddable":true,"href":"https:\/\/www.associationdemarie.org\/blog\/wp-json\/wp\/v2\/users\/2"}],"replies":[{"embeddable":true,"href":"https:\/\/www.associationdemarie.org\/blog\/wp-json\/wp\/v2\/comments?post=21306"}],"version-history":[{"count":2,"href":"https:\/\/www.associationdemarie.org\/blog\/wp-json\/wp\/v2\/posts\/21306\/revisions"}],"predecessor-version":[{"id":21309,"href":"https:\/\/www.associationdemarie.org\/blog\/wp-json\/wp\/v2\/posts\/21306\/revisions\/21309"}],"wp:attachment":[{"href":"https:\/\/www.associationdemarie.org\/blog\/wp-json\/wp\/v2\/media?parent=21306"}],"wp:term":[{"taxonomy":"category","embeddable":true,"href":"https:\/\/www.associationdemarie.org\/blog\/wp-json\/wp\/v2\/categories?post=21306"},{"taxonomy":"post_tag","embeddable":true,"href":"https:\/\/www.associationdemarie.org\/blog\/wp-json\/wp\/v2\/tags?post=21306"}],"curies":[{"name":"wp","href":"https:\/\/api.w.org\/{rel}","templated":true}]}}